{"id":5310,"date":"2019-08-30T09:51:00","date_gmt":"2019-08-30T07:51:00","guid":{"rendered":"http:\/\/ask.almargen.de\/?p=5310"},"modified":"2019-11-20T14:22:05","modified_gmt":"2019-11-20T13:22:05","slug":"handbuch-fuer-den-schutz-von-menschenrechtsverteidigerinnen","status":"publish","type":"post","link":"https:\/\/kolko.net\/askonline\/themen\/frieden\/handbuch-fuer-den-schutz-von-menschenrechtsverteidigerinnen","title":{"rendered":"Handbuch f\u00fcr den Schutz von MenschenrechtsverteidigerInnen"},"content":{"rendered":"\n[et_pb_section fb_built=&#8220;1&#8243; _builder_version=&#8220;3.27.4&#8243;][et_pb_row column_structure=&#8220;3_5,2_5&#8243; _builder_version=&#8220;3.27.4&#8243; custom_margin=&#8220;-22px|auto||auto||&#8220;][et_pb_column type=&#8220;3_5&#8243; _builder_version=&#8220;3.27.4&#8243;][et_pb_post_title author=&#8220;off&#8220; categories=&#8220;off&#8220; comments=&#8220;off&#8220; featured_image=&#8220;off&#8220; _builder_version=&#8220;3.27.4&#8243; title_font=&#8220;|800|||||||&#8220; title_text_color=&#8220;#f39900&#8243; custom_padding=&#8220;||10px||false|false&#8220; border_width_bottom=&#8220;2px&#8220; border_color_bottom=&#8220;#f39900&#8243;][\/et_pb_post_title][et_pb_text _builder_version=&#8220;4.0.6&#8243; text_font=&#8220;Noto Serif||||||||&#8220; hover_enabled=&#8220;0&#8243;]<p><em>Von Fabian Dreher<\/em><\/p>\n<p>Wer sich in Kolumbien f\u00fcr die Menschenrechte einsetzt, lebt gef\u00e4hrlich. W\u00e4hrend die Mordrate in den letzten Jahren eher r\u00fcckl\u00e4ufig war, hat die Gewalt gegen MenschenrechtsverteidigerInnen und soziale F\u00fchrungspersonen deutlich zugenommen. 2018 wurde in Kolumbien im Durchschnitt einE MenschenrechtsverteidigerIn pro Tag ermordet. Entsprechend hoch ist der Schutzbedarf f\u00fcr MenschenrechtsverteidigerInnen. In einem Handbuch[1] analysiert die NGO Somos Defensores die bestehenden Schutzmechanismen und ihre Anwendungsgebiete.<\/p>\n<p>Die NGO Somos Defensores setzt sich seit \u00fcber 20 Jahren f\u00fcr den Schutz von MenschenrechtsverteidigerInnen und sozialen F\u00fchrungspersonen ein. Ebenso lange erstellt sie j\u00e4hrlich ein Monitoring der Gewalt gegen MenschenrechtsverteidigerInnen und dokumentiert dabei Ausmass und regionale Verteilung der Gewalt, sowie Herkunft, Geschlecht und soziale Zugeh\u00f6rigkeit von T\u00e4tern und Opfern. Aus dieser Arbeit ist ein Handbuch entstanden, das die verschiedenen internationalen, nationalen, regionalen, kollektiven und individuellen Schutzmassnahmen f\u00fcr von Gewalt bedrohte MenschenrechtsverteidigerInnen \u00fcbersichtlich zusammenfasst.<\/p>\n<p>Eigentlich ist der Schutz des Lebens und der physischen Integrit\u00e4t eine grundlegende Aufgabe des Staates. Dies gilt insbesondere f\u00fcr Personen, die sich f\u00fcr die Menschenrechte einsetzen. \u00dcber 300 tote MenschenrechtsverteidigerInnen im vergangenen Jahr zeigen jedoch deutlich, dass der kolumbianische Staat bei dieser Aufgabe versagt. MenschenrechtsverteidigerInnen und soziale F\u00fchrungspersonen sind dieser Gewalt jedoch nicht schutzlos ausgeliefert. Bereits heute existieren international und in Kolumbien verschiedene Schutzmechanismen, juristische Mittel und Selbstschutzmassnahmen.<\/p>\n<p>Grunds\u00e4tzlich sind die Menschenrechte durch die internationalen Menschenrechtskonventionen gesch\u00fctzt, die auch Kolumbien unterzeichnet und ratifiziert hat. Wie die meisten \u00fcbrigen Staaten Zentral- und S\u00fcdamerikas hat auch Kolumbien die Interamerikanische Menschenrechtskommission unterzeichnet, zudem garantiert die Verfassung von 1991 die Menschenrechte aller Menschen auf dem kolumbianischen Staatsgebiet.<\/p>\n<p>Zur Beurteilung von Risikolagen f\u00fcr Menschenrechtsverletzungen hat das kolumbianische Verfassungsgericht im Rahmen verschiedener Urteile zwischen 2003 und 2010 eine Risikoskala entwickelt (siehe Seiten 37-40 des Handbuchs). Das Risikolevel ist ausschlaggebend daf\u00fcr, welchen Bedarf an Schutz einE MenschenrechtsverteidigerIn hat. Macht eine Person heute Risiken f\u00fcr ihre Menschenrechte geltend, so muss der kolumbianische Staat dieses Risiko bestimmen. Basierend auf dieser Einstufung muss die Nationale Schutzeinheit UNP die notwendigen Schutzmassnahmen festlegen. Dass dieses System heute den Bedrohungsszenarien nicht gerecht wird, ist angesichts der vielen ermordeten MenschenrechtsverteidigerInnen offensichtlich. Bis jetzt tun sich die staatlichen Beh\u00f6rden jedoch schwer, diese Massnahmen zu reformieren und zu erg\u00e4nzen.<\/p>\n<p>Die Nationale Schutzeinheit UNP ist grunds\u00e4tzlich ein starkes Instrument f\u00fcr den Schutz von bedrohten Personen. Seit ihrer Gr\u00fcndung 2011 ist sie jedoch stets unterfinanziert. Entsprechend restriktiv fallen die Bewertungen des Komitees f\u00fcr die Evaluation von Risiken und die Empfehlung von Massnahmen (CERREM) aus. 2018 wurden mit dem Dekret 660 kollektive Schutzmassnahmen f\u00fcr AktivistInnen und F\u00fchrungspersonen von sozialen Bewegungen und ethnischen Gemeinschaften geschaffen. Bis heute tun sich die staatlichen Organe wie die UNP aber schwer mit der Anwendung des Dekrets. Zwar wurden kollektive Schutzmassnahmen mit den Gemeinschaften ausgearbeitet und verabschiedet, in vielen Prozessen f\u00fchlen sich jedoch die Gemeinschaften von den staatlichen Funktion\u00e4rInnen \u00fcberfahren und nicht ernstgenommen. Partizipative Prozesse sind f\u00fcr zentralistisch organisierte Beh\u00f6rden nicht einfach in der Umsetzung. Es bleibt zu hoffen, dass hier insbesondere bei der UNP der Lernprozess noch nicht abgeschlossen ist.<\/p>\n<p>Die gr\u00f6sste Herausforderung beim Schutz von MenschenrechtsverteidigerInnen und sozialen F\u00fchrungspersonen ist jedoch der notwendige kulturelle Wandel. Im Rahmen des Friedensprozesses m\u00fcssen verschiedene, auch staatliche Akteure lernen, gesellschaftliche Konflikte nicht haupts\u00e4chlich mit dem Einsatz von Gewalt beizulegen. Viel zu oft verl\u00e4sst sich der kolumbianische Staat bis heute bei sozialen Konflikten auf den Einsatz von Armee, Polizei und Aufstandsbek\u00e4mpfungseinheiten wie den ESMAD. Gewalt hat meistens soziale und kulturelle Wurzeln und kann entsprechend auch nur sozial und kulturell dekonstruiert werden. Rechtliche Normen und staatliche Organe k\u00f6nnen dabei nur Hilfestellung leisten.<\/p>\n<p><a name=\"_ftn1\" href=\"\/Fabian\/04%20Kommunikation\/Newsletter\/2019_Newsletter\/2019.08%20Newsletter%20594\/Newsletter594_Artikel%20Handbuch%20MRV.doc#_ftnref1\"><span>[1]<\/span><\/a><span>\u00a0<a href=\"https:\/\/somosdefensores.org\/wp-content\/uploads\/2019\/07\/manual-para-la-proteccion-FINAL-ultimas-CORRECCIONES-mayo-24.pdf\" target=\"_blank\" rel=\"noopener noreferrer\">https:\/\/somosdefensores.org\/wp-content\/uploads\/2019\/07\/manual-para-la-proteccion-FINAL-ultimas-CORRECCIONES-mayo-24.pdf<\/a><\/span><\/p>\n[\/et_pb_text][\/et_pb_column][et_pb_column type=&#8220;2_5&#8243; _builder_version=&#8220;3.27.4&#8243;][et_pb_button url_new_window=&#8220;on&#8220; button_text=&#8220;Download als PDF&#8220; button_alignment=&#8220;center&#8220; _builder_version=&#8220;4.0.6&#8243; custom_button=&#8220;on&#8220; button_text_size=&#8220;16px&#8220; button_bg_color=&#8220;#55677f&#8220; button_border_width=&#8220;2px&#8220; button_border_color=&#8220;rgba(0,0,0,0)&#8220; button_border_radius=&#8220;0px&#8220; button_letter_spacing=&#8220;4px&#8220; button_font=&#8220;Source Sans Pro|700||on|||||&#8220; button_icon=&#8220;%%266%%&#8220; button_icon_color=&#8220;#ffffff&#8220; button_icon_placement=&#8220;left&#8220; background_layout=&#8220;dark&#8220; custom_margin=&#8220;||&#8220; custom_padding=&#8220;12px|87px|12px|87px|true|true&#8220; hover_enabled=&#8220;0&#8243; locked=&#8220;off&#8220; button_url=&#8220;https:\/\/kolko.net\/askonline\/wp-content\/uploads\/2019\/11\/Newsletter594_Artikel_Handbuch_MRV-1.pdf&#8220;]\r[\/et_pb_button][et_pb_image src=&#8220;https:\/\/kolko.net\/askonline\/wp-content\/uploads\/2019\/11\/c5bdaf5736.jpg&#8220; show_in_lightbox=&#8220;on&#8220; align=&#8220;center&#8220; force_fullwidth=&#8220;on&#8220; _builder_version=&#8220;4.0.6&#8243; hover_enabled=&#8220;0&#8243;][\/et_pb_image][et_pb_image src=&#8220;https:\/\/kolko.net\/askonline\/wp-content\/uploads\/2019\/11\/013738d866.jpg&#8220; show_in_lightbox=&#8220;on&#8220; align=&#8220;center&#8220; force_fullwidth=&#8220;on&#8220; _builder_version=&#8220;4.0.6&#8243; hover_enabled=&#8220;0&#8243;][\/et_pb_image][et_pb_sidebar area=&#8220;et_pb_widget_area_1&#8243; _builder_version=&#8220;3.27.4&#8243;][\/et_pb_sidebar][\/et_pb_column][\/et_pb_row][\/et_pb_section]\n","protected":false},"excerpt":{"rendered":"<p>Wer sich in Kolumbien f\u00fcr die Menschenrechte einsetzt, lebt gef\u00e4hrlich. W\u00e4hrend die Mordrate in den letzten Jahren eher r\u00fcckl\u00e4ufig war, hat die Gewalt gegen MenschenrechtsverteidigerInnen und soziale F\u00fchrungspersonen deutlich zugenommen. 2018 wurde in Kolumbien im Durchschnitt einE MenschenrechtsverteidigerIn pro Tag ermordet. Entsprechend hoch ist der Schutzbedarf f\u00fcr MenschenrechtsverteidigerInnen. In einem Handbuch[1] analysiert die NGO Somos Defensores die bestehenden Schutzmechanismen und ihre Anwendungsgebiete.<\/p>\n","protected":false},"author":6,"featured_media":5315,"comment_status":"closed","ping_status":"closed","sticky":false,"template":"","format":"standard","meta":{"_et_pb_use_builder":"on","_et_pb_old_content":"","_et_gb_content_width":"","footnotes":""},"categories":[13,23],"tags":[],"class_list":["post-5310","post","type-post","status-publish","format-standard","has-post-thumbnail","hentry","category-frieden","category-frieden-von-unten"],"_links":{"self":[{"href":"https:\/\/kolko.net\/askonline\/wp-json\/wp\/v2\/posts\/5310","targetHints":{"allow":["GET"]}}],"collection":[{"href":"https:\/\/kolko.net\/askonline\/wp-json\/wp\/v2\/posts"}],"about":[{"href":"https:\/\/kolko.net\/askonline\/wp-json\/wp\/v2\/types\/post"}],"author":[{"embeddable":true,"href":"https:\/\/kolko.net\/askonline\/wp-json\/wp\/v2\/users\/6"}],"replies":[{"embeddable":true,"href":"https:\/\/kolko.net\/askonline\/wp-json\/wp\/v2\/comments?post=5310"}],"version-history":[{"count":6,"href":"https:\/\/kolko.net\/askonline\/wp-json\/wp\/v2\/posts\/5310\/revisions"}],"predecessor-version":[{"id":5363,"href":"https:\/\/kolko.net\/askonline\/wp-json\/wp\/v2\/posts\/5310\/revisions\/5363"}],"wp:featuredmedia":[{"embeddable":true,"href":"https:\/\/kolko.net\/askonline\/wp-json\/wp\/v2\/media\/5315"}],"wp:attachment":[{"href":"https:\/\/kolko.net\/askonline\/wp-json\/wp\/v2\/media?parent=5310"}],"wp:term":[{"taxonomy":"category","embeddable":true,"href":"https:\/\/kolko.net\/askonline\/wp-json\/wp\/v2\/categories?post=5310"},{"taxonomy":"post_tag","embeddable":true,"href":"https:\/\/kolko.net\/askonline\/wp-json\/wp\/v2\/tags?post=5310"}],"curies":[{"name":"wp","href":"https:\/\/api.w.org\/{rel}","templated":true}]}}