{"id":5259,"date":"2019-10-31T09:08:00","date_gmt":"2019-10-31T08:08:00","guid":{"rendered":"http:\/\/ask.almargen.de\/?p=5259"},"modified":"2019-11-20T09:26:24","modified_gmt":"2019-11-20T08:26:24","slug":"intensivierte-gewalt-im-vorfeld-der-wahlen","status":"publish","type":"post","link":"https:\/\/kolko.net\/askonline\/themen\/menschenrechte\/intensivierte-gewalt-im-vorfeld-der-wahlen","title":{"rendered":"Intensivierte Gewalt im Vorfeld der Wahlen"},"content":{"rendered":"\n[et_pb_section fb_built=&#8220;1&#8243; _builder_version=&#8220;3.27.4&#8243;][et_pb_row column_structure=&#8220;3_5,2_5&#8243; _builder_version=&#8220;3.27.4&#8243; custom_margin=&#8220;-22px|auto||auto||&#8220;][et_pb_column type=&#8220;3_5&#8243; _builder_version=&#8220;3.27.4&#8243;][et_pb_post_title author=&#8220;off&#8220; categories=&#8220;off&#8220; comments=&#8220;off&#8220; featured_image=&#8220;off&#8220; _builder_version=&#8220;3.27.4&#8243; title_font=&#8220;|800|||||||&#8220; title_text_color=&#8220;#f39900&#8243; custom_padding=&#8220;||10px||false|false&#8220; border_width_bottom=&#8220;2px&#8220; border_color_bottom=&#8220;#f39900&#8243;][\/et_pb_post_title][et_pb_text _builder_version=&#8220;4.0.6&#8243; text_font=&#8220;Noto Serif||||||||&#8220; hover_enabled=&#8220;0&#8243; link_option_url=&#8220;https:\/\/kolko.net\/askonline\/fileadmin\/user_upload\/documents\/Thema_Menschenrechte\/Menschenrechtspolitik\/Newsletter596_Artikel_Morde_und_Gewalt.pdf&#8220; link_option_url_new_window=&#8220;on&#8220;]<p><em>Von Lisa Alvarado<\/em><\/p>\n<p>Aggressionen und Anschl\u00e4ge gegen soziale F\u00fchrungspersonen, Politiker und ehemalige FARC-K\u00e4mpferInnen intensivierten sich im Vorfeld der Wahlen Ende Oktober. Ein Bericht von \u201aSomos Defensores\u2018 sowie unz\u00e4hlige Medienmitteilungen und Artikel zeigen das Ausmass der Gewalt. W\u00e4hrend die Ursachen und Gr\u00fcnde vielf\u00e4ltig sind, zeigt der Staat in Form der Armee, besonders in l\u00e4ndlichen Gebieten, zwar viel Pr\u00e4senz aber keine grosse Wirkung.<\/p>\n<p>In dem k\u00fcrzlich ver\u00f6ffentlichten Bericht von \u201aSomos Defensores\u2018 (Defensores \u00bfEl Juego Final?)[1] werden die Aggressionen gegen soziale F\u00fchrungspersonen im letzten Semester zusammengetragen. Nachdem alle 59 im ersten Semester 2019 ermordeten Personen mit Foto und kurzem Text erw\u00e4hnt werden, geht der Bericht auf die Ver\u00e4nderungen im Vergleich zum gleichen Zeitraum im letzten Jahr ein. Insgesamt haben die Aggressionen um 49% zugenommen. Obwohl es einen R\u00fcckgang der Attentate um 23% gegeben hat, warnt der Bericht vor einer m\u00f6glichen Zunahme im zweiten Semester aufgrund der Lokalwahlen, die Ende Oktober 2019 stattfinden.<\/p>\n<p>Die Verantwortlichen f\u00fcr die Morde sind, wie auch in fr\u00fcheren Berichten festgehalten, weiterhin haupts\u00e4chlich paramilit\u00e4rische Gruppen (53% der F\u00e4lle), sowie Unbekannte (28%). Weiter z\u00e4hlen zu den Verantwortlichen auch Dissidenten der FARC (9%), ELN (6%) und das Milit\u00e4r (4%). Die Neuordnung von bewaffneten Gruppen, nachdem die FARC die Waffen abgegeben hatten, f\u00fchrt laut der Direktorin von \u201aSomos Defensores\u2018 dazu, dass in vielen F\u00e4llen nicht gekl\u00e4rt werden kann, wer f\u00fcr ein bestimmtes Delikt verantwortlich ist.[2]<\/p>\n<p>Der Bericht zeigt, dass die Situation momentan im Departement Cauca besonders schlimm ist, welches weiterhin das gef\u00e4hrlichste Departement f\u00fcr soziale F\u00fchrungspersonen darstellt und die st\u00e4rkste Erh\u00f6hung an Aggressionen von MenschenrechtsverteidigerInnen in diesem Jahr erlebt hat. [2] So wurde im September die Kandidatin f\u00fcr das B\u00fcrgermeisteramt in Su\u00e1rez, Karina Garc\u00eda zusammen mit ihrer Mutter und weiteren Begleitern in einem Auto umgebracht.[3] Auch diesen Monat gab es weitere Morde, haupts\u00e4chlich an indigenen und b\u00e4uerlichen F\u00fchrungspersonen sowie an ehemaligen FARC-K\u00e4mpfern.[4]<\/p>\n<p>Doch der Cauca ist nicht die einzige gef\u00e4hrdete Region. In der Region Tumaco ist nicht einmal eine absolute Zahl an Toten bekannt. Ein k\u00fcrzlich stattgefundener Kampf zwischen Mitgliedern der FARC-Dissidenz \u201aFrente Oliver Sinisterra\u2018 und der paramilit\u00e4rischen Gruppe \u201aLos Contadores\u2018 hat mindestens vier Tote und unz\u00e4hlige Verletzte hinterlassen. W\u00e4hrend Berichten zufolge die erste Gruppe den st\u00e4dtischen Raum von Tumaco kontrolliert, haben die \u201aContadores\u2018 den l\u00e4ndlichen Raum unter Kontrolle.[5] Die Armee zeigt in dieser Konstellation keine Macht. Ein Mordopfer war Javier C\u00f3rdoba Chaguendo, ein junger Journalist, der im Studio des lokalen Radiosenders umgebracht wurde, als er die morgige (morgendliche?) Sendung vorbereitet hatte. Auch hier war der Staat nicht pr\u00e4sent.[6]<\/p>\n<p>Die fehlende Wirkung des Milit\u00e4rs ist auch im Cauca zu sp\u00fcren. Obwohl mehr als 2000 Soldaten in der Region patrouillieren, passieren viele Attentate.[7] Da stellt sich auch die Frage, ob es die richtige Strategie ist, immer mehr Truppen in die konfliktersch\u00fctterten Gebiete zu senden, wie es die Regierung momentan tut. Der staatliche Menschenrechtsombudsmann, Carlos Negret, hat zus\u00e4tzlich die Errichtung eines weissen Zeltes (\u201acarpa blanca\u2018) zum Schutz der Zivilbev\u00f6lkerung vorgeschlagen.[8]<\/p>\n<p>Die Gr\u00fcnde f\u00fcr die verst\u00e4rkte Gewalt sind vielf\u00e4ltig. Einerseits geht es um die bereits erw\u00e4hnte Neuordnung von bewaffneten Gruppen im Nachgang der Aufl\u00f6sung der FARC. In vielen l\u00e4ndlichen Gebieten, wo der Staat (praktisch) nicht pr\u00e4sent ist, stellt sich in der Folge der Abwesenheit der FARC die Frage nach territorialer Kontrolle, und Machtverh\u00e4ltnisse werden neu ausgehandelt. Die Verhandlungsmacht liegt dabei beim St\u00e4rkeren. Es geht um die Kontrolle von illegalem Bergbau, Koka-Anbaugebieten und strategisch wichtigen Durchgangst\u00e4lern f\u00fcr den Drogenschmuggel.<\/p>\n<p>Ein weiterer Grund f\u00fcr die verst\u00e4rkte Gewalt gerade jetzt stellten die Regional- und Lokalwahlen dar, die am 27. Oktober 2019 stattfanden. Es gibt Berichte, wonach Parteigegner verantwortlich f\u00fcr die politischen Morde sind, und nicht FARC-Dissidenten, wie es die Position der Regierung verlauten l\u00e4sst.[9] Ermittlungen der Wahlbeobachtungsmission (MOE) haben ergeben, dass 152 Gemeinden im Land im Zusammenhang mit den Wahlen unter einem Korruptionsrisiko und Gewaltfaktoren leiden.[10] Dies sind zwar weniger Gemeinden als 2015, daf\u00fcr hat sich die Gewalt konzentriert und in den betroffenen Gemeinden intensiviert. Die drei am st\u00e4rksten betroffenen Departemente sind dabei Antioquia, Choc\u00f3 und Nari\u00f1o.<\/p>\n<p>Der Bericht von \u201aSomos Defensores\u2018 stellt eine detaillierte Analyse der Menschenrechtssituation in Kolumbien dar, welche von diversen anderen Quellen best\u00e4tigt wird. Dieser Bericht wurde der Regierung vorgelegt und diese dazu aufgefordert, die Realit\u00e4t in l\u00e4ndlichen Gebieten anzuerkennen und griffige Massnahmen dagegen einzuleiten. [2]<\/p>\n<p><a name=\"_ftn1\" href=\"\/Lisa\/01%20Newsletter\/Oktober%2019\/Newsletter596_Artikel%20Morde%20und%20Gewalt.doc#_ftnref1\">[1]<\/a><span>\u00a0<\/span><a href=\"https:\/\/somosdefensores.org\/wp-content\/uploads\/2019\/10\/informe-Somos-defensores-ENERO-JUNIO-2019-oct-8-web-final.pdf.pdf\">https:\/\/somosdefensores.org\/wp-content\/uploads\/2019\/10\/informe-Somos-defensores-ENERO-JUNIO-2019-oct-8-web-final.pdf.pdf<\/a><\/p>\n<p><a name=\"_ftn2\" href=\"\/Lisa\/01%20Newsletter\/Oktober%2019\/Newsletter596_Artikel%20Morde%20und%20Gewalt.doc#_ftnref2\">[2]<\/a><span>\u00a0<\/span><a href=\"https:\/\/www.contagioradio.com\/agresiones-contra-lideres-sociales-incrementaron-un-49-en-el-primer-semestre-del-2019\/\">https:\/\/www.contagioradio.com\/agresiones-contra-lideres-sociales-incrementaron-un-49-en-el-primer-semestre-del-2019\/<\/a><\/p>\n<p><a name=\"_ftn3\" href=\"\/Lisa\/01%20Newsletter\/Oktober%2019\/Newsletter596_Artikel%20Morde%20und%20Gewalt.doc#_ftnref3\">[3]<\/a><span>\u00a0<\/span><a href=\"https:\/\/verdadabierta.com\/suarez-tres-anos-bajo-fuego\/\">https:\/\/verdadabierta.com\/suarez-tres-anos-bajo-fuego\/<\/a><\/p>\n<p><a name=\"_ftn4\" href=\"\/Lisa\/01%20Newsletter\/Oktober%2019\/Newsletter596_Artikel%20Morde%20und%20Gewalt.doc#_ftnref4\">[4]<\/a><span>\u00a0<\/span><a href=\"https:\/\/www.contagioradio.com\/asesinan-a-dumar-noe-mestizo-joven-lider-indigena-de-jambalo-cauca\/\">https:\/\/www.contagioradio.com\/asesinan-a-dumar-noe-mestizo-joven-lider-indigena-de-jambalo-cauca\/<\/a><\/p>\n<p><a href=\"http:\/\/www.colombiainforma.info\/el-cauca-esta-de-luto-tres-lideres-sociales-asesinados\/\" target=\"_blank\" rel=\"noopener noreferrer\">http:\/\/www.colombiainforma.info\/el-cauca-esta-de-luto-tres-lideres-sociales-asesinados\/<\/a><\/p>\n<p><a name=\"_ftn5\" href=\"\/Lisa\/01%20Newsletter\/Oktober%2019\/Newsletter596_Artikel%20Morde%20und%20Gewalt.doc#_ftnref5\">[5]<\/a><span>\u00a0<\/span><a href=\"https:\/\/www.contagioradio.com\/en-tumaco-opera-la-justicia-de-los-grupos-residuales-en-medio-de-la-militarizacion\/\">https:\/\/www.contagioradio.com\/en-tumaco-opera-la-justicia-de-los-grupos-residuales-en-medio-de-la-militarizacion\/<\/a><\/p>\n<p><a name=\"_ftn6\" href=\"\/Lisa\/01%20Newsletter\/Oktober%2019\/Newsletter596_Artikel%20Morde%20und%20Gewalt.doc#_ftnref6\">[6]<\/a><span>\u00a0<\/span><a href=\"https:\/\/www.contagioradio.com\/javier-cordoba-chaguendo-periodista-de-radio-comunitaria-fue-asesinado-en-tumaco\/\">https:\/\/www.contagioradio.com\/javier-cordoba-chaguendo-periodista-de-radio-comunitaria-fue-asesinado-en-tumaco\/<\/a><\/p>\n<p><a name=\"_ftn7\" href=\"\/Lisa\/01%20Newsletter\/Oktober%2019\/Newsletter596_Artikel%20Morde%20und%20Gewalt.doc#_ftnref7\">[7]<\/a><span>\u00a0<\/span><a href=\"https:\/\/www.contagioradio.com\/asesinan-a-dumar-noe-mestizo-joven-lider-indigena-de-jambalo-cauca\/\">https:\/\/www.contagioradio.com\/asesinan-a-dumar-noe-mestizo-joven-lider-indigena-de-jambalo-cauca\/<\/a><\/p>\n<p><a name=\"_ftn8\" href=\"\/Lisa\/01%20Newsletter\/Oktober%2019\/Newsletter596_Artikel%20Morde%20und%20Gewalt.doc#_ftnref8\">[8]<\/a><span>\u00a0<\/span><a href=\"https:\/\/www.eltiempo.com\/colombia\/otras-ciudades\/asesinatos-de-indigenas-generan-preocupacion-en-el-cauca-420400\">https:\/\/www.eltiempo.com\/colombia\/otras-ciudades\/asesinatos-de-indigenas-generan-preocupacion-en-el-cauca-420400<\/a><\/p>\n<p><a name=\"_ftn9\" href=\"\/Lisa\/01%20Newsletter\/Oktober%2019\/Newsletter596_Artikel%20Morde%20und%20Gewalt.doc#_ftnref9\">[9]<\/a><span>\u00a0<\/span><a href=\"https:\/\/amerika21.de\/2019\/10\/232361\/kandidaten-lassen-gegner-ermorden-kolumb?pk_campaign=newsletter&amp;pk_kwd=daily\">https:\/\/amerika21.de\/2019\/10\/232361\/kandidaten-lassen-gegner-ermorden-kolumb?pk_campaign=newsletter&amp;pk_kwd=daily<\/a><\/p>\n<p><a name=\"_ftn10\" href=\"\/Lisa\/01%20Newsletter\/Oktober%2019\/Newsletter596_Artikel%20Morde%20und%20Gewalt.doc#_ftnref10\">[10]<\/a><span>\u00a0<\/span><a href=\"https:\/\/moe.org.co\/riesgos-por-fraude-y-por-factores-de-violencia-confluyen-en-152-municipios-del-pais-moe\/\">https:\/\/moe.org.co\/riesgos-por-fraude-y-por-factores-de-violencia-confluyen-en-152-municipios-del-pais-moe\/<\/a><\/p>[\/et_pb_text][\/et_pb_column][et_pb_column type=&#8220;2_5&#8243; _builder_version=&#8220;3.27.4&#8243;][et_pb_button url_new_window=&#8220;on&#8220; button_text=&#8220;Download als PDF&#8220; button_alignment=&#8220;center&#8220; _builder_version=&#8220;4.0.6&#8243; custom_button=&#8220;on&#8220; button_text_size=&#8220;16px&#8220; button_bg_color=&#8220;#55677f&#8220; button_border_width=&#8220;2px&#8220; button_border_color=&#8220;rgba(0,0,0,0)&#8220; button_border_radius=&#8220;0px&#8220; button_letter_spacing=&#8220;4px&#8220; button_font=&#8220;Source Sans Pro|700||on|||||&#8220; button_icon=&#8220;%%266%%&#8220; button_icon_color=&#8220;#ffffff&#8220; button_icon_placement=&#8220;left&#8220; background_layout=&#8220;dark&#8220; custom_margin=&#8220;||&#8220; custom_padding=&#8220;12px|87px|12px|87px|true|true&#8220; hover_enabled=&#8220;0&#8243; locked=&#8220;off&#8220; button_url=&#8220;https:\/\/kolko.net\/askonline\/wp-content\/uploads\/2019\/11\/Newsletter596_Artikel-Morde-und-Gewalt.pdf&#8220;]\r[\/et_pb_button][et_pb_sidebar area=&#8220;et_pb_widget_area_1&#8243; _builder_version=&#8220;3.27.4&#8243;][\/et_pb_sidebar][\/et_pb_column][\/et_pb_row][\/et_pb_section]\n","protected":false},"excerpt":{"rendered":"<p>Aggressionen und Anschl\u00e4ge gegen soziale F\u00fchrungspersonen, Politiker und ehemalige FARC-K\u00e4mpferInnen intensivierten sich im Vorfeld der Wahlen Ende Oktober. Ein Bericht von \u201aSomos Defensores\u2018 sowie unz\u00e4hlige Medienmitteilungen und Artikel zeigen das Ausmass der Gewalt. W\u00e4hrend die Ursachen und Gr\u00fcnde vielf\u00e4ltig sind, zeigt der Staat in Form der Armee, besonders in l\u00e4ndlichen Gebieten, zwar viel Pr\u00e4senz aber keine grosse Wirkung.<\/p>\n","protected":false},"author":6,"featured_media":0,"comment_status":"closed","ping_status":"closed","sticky":false,"template":"","format":"standard","meta":{"_et_pb_use_builder":"on","_et_pb_old_content":"","_et_gb_content_width":"","footnotes":""},"categories":[11],"tags":[34,36],"class_list":["post-5259","post","type-post","status-publish","format-standard","hentry","category-menschenrechte","tag-gewalt","tag-wahlen-2019"],"_links":{"self":[{"href":"https:\/\/kolko.net\/askonline\/wp-json\/wp\/v2\/posts\/5259","targetHints":{"allow":["GET"]}}],"collection":[{"href":"https:\/\/kolko.net\/askonline\/wp-json\/wp\/v2\/posts"}],"about":[{"href":"https:\/\/kolko.net\/askonline\/wp-json\/wp\/v2\/types\/post"}],"author":[{"embeddable":true,"href":"https:\/\/kolko.net\/askonline\/wp-json\/wp\/v2\/users\/6"}],"replies":[{"embeddable":true,"href":"https:\/\/kolko.net\/askonline\/wp-json\/wp\/v2\/comments?post=5259"}],"version-history":[{"count":4,"href":"https:\/\/kolko.net\/askonline\/wp-json\/wp\/v2\/posts\/5259\/revisions"}],"predecessor-version":[{"id":5274,"href":"https:\/\/kolko.net\/askonline\/wp-json\/wp\/v2\/posts\/5259\/revisions\/5274"}],"wp:attachment":[{"href":"https:\/\/kolko.net\/askonline\/wp-json\/wp\/v2\/media?parent=5259"}],"wp:term":[{"taxonomy":"category","embeddable":true,"href":"https:\/\/kolko.net\/askonline\/wp-json\/wp\/v2\/categories?post=5259"},{"taxonomy":"post_tag","embeddable":true,"href":"https:\/\/kolko.net\/askonline\/wp-json\/wp\/v2\/tags?post=5259"}],"curies":[{"name":"wp","href":"https:\/\/api.w.org\/{rel}","templated":true}]}}