{"id":4667,"date":"2018-06-06T15:31:49","date_gmt":"2018-06-06T13:31:49","guid":{"rendered":"http:\/\/ask.almargen.de\/?p=4667"},"modified":"2019-11-20T15:00:08","modified_gmt":"2019-11-20T14:00:08","slug":"ermordung-von-drei-arbeitern-bei-nestle-kolumbien-gewerkschaften-und-nichtregierungsorganisationen-fordern-nestle-auf-fuer-die-sicherheit-der-arbeiterinnen-zu-sorgen","status":"publish","type":"post","link":"https:\/\/kolko.net\/askonline\/themen\/ermordung-von-drei-arbeitern-bei-nestle-kolumbien-gewerkschaften-und-nichtregierungsorganisationen-fordern-nestle-auf-fuer-die-sicherheit-der-arbeiterinnen-zu-sorgen","title":{"rendered":"Ermordung von drei Arbeitern bei Nestl\u00e9 Kolumbien: Gewerkschaften und Nichtregierungsorganisationen fordern Nestl\u00e9 auf, f\u00fcr die Sicherheit der ArbeiterInnen zu sorgen"},"content":{"rendered":"\n[et_pb_section fb_built=&#8220;1&#8243; _builder_version=&#8220;3.27.4&#8243;][et_pb_row column_structure=&#8220;3_5,2_5&#8243; _builder_version=&#8220;3.27.4&#8243; custom_margin=&#8220;-22px|auto||auto||&#8220;][et_pb_column type=&#8220;3_5&#8243; _builder_version=&#8220;3.27.4&#8243;][et_pb_post_title author=&#8220;off&#8220; categories=&#8220;off&#8220; comments=&#8220;off&#8220; featured_image=&#8220;off&#8220; _builder_version=&#8220;3.27.4&#8243; title_font=&#8220;|800|||||||&#8220; title_text_color=&#8220;#f39900&#8243; custom_padding=&#8220;||10px||false|false&#8220; border_width_bottom=&#8220;2px&#8220; border_color_bottom=&#8220;#f39900&#8243;][\/et_pb_post_title][et_pb_text _builder_version=&#8220;4.0.2&#8243; text_font=&#8220;Noto Serif||||||||&#8220;]<p>In Kolumbien sind innerhalb von zehn Tagen drei Arbeiter von Nestl\u00e9 ermordet worden \u2013 w\u00e4hrend laufender Verhandlungen zwischen der Gewerkschaft Sinaltrainal und dem Unternehmen. Der Schweizerische Gewerkschaftsbund und Nichtregierungsorganisationen sind entsetzt und fordern den Schweizer Nahrungsmittelkonzern auf, die Gewalt \u00f6ffentlich zu verurteilen und f\u00fcr die Sicherheit seiner ArbeiterInnen zu sorgen.<\/p>\n<p>Gilberto Espinosa, Arbeiter bei Nestl\u00e9 Kolumbien und Gewerkschafter, wurde am 13. Mai in der Gemeinde Bugalagrande ermordet. Zehn Tage sp\u00e4ter wurden zwei weitere Arbeiter der Nestl\u00e9-Fabrik umgebracht, Cristian Andr\u00e9s Lozano, ebenfalls Gewerkschafter, und Luis Eduardo Dom\u00ednguez, der dem mit der Gewerkschaft ausgehandelten Gesamtarbeitsvertrag unterstellt war. Zuvor hatten die Gewerkschaft Sinaltrainal und namentlich erw\u00e4hnte Mitglieder, unter ihnen Gilberto Espinosa, zum wiederholten Male Morddrohungen erhalten, die sich auf Nestl\u00e9 bezogen. Mit den j\u00fcngsten Morden stieg die Zahl der seit 1986 ermordeten Nestl\u00e9-Arbeiter in Kolumbien auf 18. Sie alle waren Gewerkschafter. Drohungen und Gewalttaten haben wiederholt w\u00e4hrend Arbeitskonflikten und Verhandlungen zwischen Gewerkschaft und dem Unternehmen zugenommen.<\/p>\n<p>Der Schweizerische Gewerkschaftsbund SGB, die Organisationen SOLIFONDS, Arbeitsgruppe Schweiz-Kolumbien und MultiWatch haben sich angesichts dieser j\u00fcngsten Gewaltwelle gegen ArbeiterInnen und GewerkschafterInnen des Schweizer Nahrungsmittelkonzerns mit einem Brief an Ulf Mark Schneider, CEO von Nestl\u00e9, gewendet. Als Folge der Todesdrohungen und der Ermordung der drei Arbeiter sei ein Klima von Einsch\u00fcchterung, Angst und Terror entstanden, stellten sie fest, und betonten, dass dies inakzeptabel sei. Besorgt zeigten sie sich insbesondere angesichts der Tatsache, dass die Gewalttaten zunehmen, w\u00e4hrend sich die Gewerkschaft Sinaltrainal in Verhandlungen mit Nestl\u00e9 de Colombia S.A. befindet.<\/p>\n<p>In ihrem Schreiben an den Nestl\u00e9-CEO haben der SGB und Nichtregierungsorganisationen das Unternehmen aufgefordert, in aller Deutlichkeit \u00f6ffentlich klarzustellen, dass Drohungen und gewaltt\u00e4tige \u00dcbergriffe Dritter gegen ArbeiterInnen und GewerkschafterInnen des Unternehmens absolut nicht toleriert w\u00fcrden, und alles in der Macht des Unternehmens Stehende zu veranlassen, um die Sicherheit s\u00e4mtlicher Angestellten und gewerkschaftlich organisierten ArbeiterInnen zu garantieren.<\/p>[\/et_pb_text][\/et_pb_column][et_pb_column type=&#8220;2_5&#8243; _builder_version=&#8220;3.27.4&#8243;][et_pb_button button_url=&#8220;\/wp-content\/uploads\/2019\/10\/1806_MM_Morde_bei_NestleC2__Kol_2_011.pdf&#8220; url_new_window=&#8220;on&#8220; button_text=&#8220;MEDIENMITTEILUNG ALS PDF&#8220; button_alignment=&#8220;center&#8220; _builder_version=&#8220;4.0.2&#8243; custom_button=&#8220;on&#8220; button_text_size=&#8220;16px&#8220; button_bg_color=&#8220;#55677f&#8220; button_border_width=&#8220;2px&#8220; button_border_color=&#8220;rgba(0,0,0,0)&#8220; button_border_radius=&#8220;0px&#8220; button_letter_spacing=&#8220;4px&#8220; button_font=&#8220;Source Sans Pro|700||on|||||&#8220; button_icon=&#8220;%%266%%&#8220; button_icon_color=&#8220;#ffffff&#8220; button_icon_placement=&#8220;left&#8220; background_layout=&#8220;dark&#8220; custom_margin=&#8220;||&#8220; custom_padding=&#8220;12px|87px|12px|87px|true|true&#8220; locked=&#8220;off&#8220;]\r[\/et_pb_button][et_pb_button button_url=&#8220;\/wp-content\/uploads\/2019\/10\/Carta_al_Fiscal_General_por_asesinatos_de_Sinaltrainal_Mayo_2018_def1.pdf&#8220; url_new_window=&#8220;on&#8220; button_text=&#8220;BRIEF AN KOLUMBIANISCHE BEH\u00d6RDEN&#8220; button_alignment=&#8220;center&#8220; _builder_version=&#8220;4.0.2&#8243; custom_button=&#8220;on&#8220; button_text_size=&#8220;16px&#8220; button_bg_color=&#8220;#55677f&#8220; button_border_width=&#8220;2px&#8220; button_border_color=&#8220;rgba(0,0,0,0)&#8220; button_border_radius=&#8220;0px&#8220; button_letter_spacing=&#8220;4px&#8220; button_font=&#8220;Source Sans Pro|700||on|||||&#8220; button_icon=&#8220;%%266%%&#8220; button_icon_color=&#8220;#ffffff&#8220; button_icon_placement=&#8220;left&#8220; background_layout=&#8220;dark&#8220; custom_margin=&#8220;||&#8220; custom_padding=&#8220;12px|87px|12px|87px|true|true&#8220; locked=&#8220;off&#8220;]\r[\/et_pb_button][et_pb_image src=&#8220;https:\/\/kolko.net\/askonline\/wp-content\/uploads\/2019\/11\/Cristian-Andrs-Lozano-y-Lus-Eduardo-Domnguez-Blandn-.jpg&#8220; show_in_lightbox=&#8220;on&#8220; align=&#8220;center&#8220; force_fullwidth=&#8220;on&#8220; _builder_version=&#8220;4.0.6&#8243; hover_enabled=&#8220;0&#8243;][\/et_pb_image][et_pb_sidebar area=&#8220;et_pb_widget_area_1&#8243; _builder_version=&#8220;3.27.4&#8243;][\/et_pb_sidebar][\/et_pb_column][\/et_pb_row][\/et_pb_section]\n","protected":false},"excerpt":{"rendered":"<p>In Kolumbien sind innerhalb von zehn Tagen drei Arbeiter von Nestl\u00e9 ermordet worden \u2013 w\u00e4hrend laufender Verhandlungen zwischen der Gewerkschaft Sinaltrainal und dem Unternehmen. Der Schweizerische Gewerkschaftsbund und Nichtregierungsorganisationen sind entsetzt und fordern den Schweizer Nahrungsmittelkonzern auf, die Gewalt \u00f6ffentlich zu verurteilen und f\u00fcr die Sicherheit seiner ArbeiterInnen zu sorgen. Gilberto Espinosa, Arbeiter bei Nestl\u00e9 [&hellip;]<\/p>\n","protected":false},"author":1,"featured_media":5316,"comment_status":"closed","ping_status":"closed","sticky":false,"template":"","format":"standard","meta":{"_et_pb_use_builder":"on","_et_pb_old_content":"","_et_gb_content_width":"","footnotes":""},"categories":[29,25,10,12],"tags":[],"class_list":["post-4667","post","type-post","status-publish","format-standard","has-post-thumbnail","hentry","category-lebensmittel-gesundheit-und-agrarsektor","category-schweizer-unternehmen","category-themen","category-wirtschaft-menschenrechte"],"_links":{"self":[{"href":"https:\/\/kolko.net\/askonline\/wp-json\/wp\/v2\/posts\/4667","targetHints":{"allow":["GET"]}}],"collection":[{"href":"https:\/\/kolko.net\/askonline\/wp-json\/wp\/v2\/posts"}],"about":[{"href":"https:\/\/kolko.net\/askonline\/wp-json\/wp\/v2\/types\/post"}],"author":[{"embeddable":true,"href":"https:\/\/kolko.net\/askonline\/wp-json\/wp\/v2\/users\/1"}],"replies":[{"embeddable":true,"href":"https:\/\/kolko.net\/askonline\/wp-json\/wp\/v2\/comments?post=4667"}],"version-history":[{"count":8,"href":"https:\/\/kolko.net\/askonline\/wp-json\/wp\/v2\/posts\/4667\/revisions"}],"predecessor-version":[{"id":5384,"href":"https:\/\/kolko.net\/askonline\/wp-json\/wp\/v2\/posts\/4667\/revisions\/5384"}],"wp:featuredmedia":[{"embeddable":true,"href":"https:\/\/kolko.net\/askonline\/wp-json\/wp\/v2\/media\/5316"}],"wp:attachment":[{"href":"https:\/\/kolko.net\/askonline\/wp-json\/wp\/v2\/media?parent=4667"}],"wp:term":[{"taxonomy":"category","embeddable":true,"href":"https:\/\/kolko.net\/askonline\/wp-json\/wp\/v2\/categories?post=4667"},{"taxonomy":"post_tag","embeddable":true,"href":"https:\/\/kolko.net\/askonline\/wp-json\/wp\/v2\/tags?post=4667"}],"curies":[{"name":"wp","href":"https:\/\/api.w.org\/{rel}","templated":true}]}}