{"id":4599,"date":"2019-06-28T10:09:17","date_gmt":"2019-06-28T08:09:17","guid":{"rendered":"http:\/\/ask.almargen.de\/?p=4599"},"modified":"2019-10-21T21:41:59","modified_gmt":"2019-10-21T19:41:59","slug":"ein-gesetzesprojekt-will-erneut-die-agrarreform-zerstoeren","status":"publish","type":"post","link":"https:\/\/kolko.net\/askonline\/themen\/wirtschaft-menschenrechte\/laendliche-entwicklung-und-agrarreform\/ein-gesetzesprojekt-will-erneut-die-agrarreform-zerstoeren","title":{"rendered":"Ein Gesetzesprojekt will erneut die Agrarreform zerst\u00f6ren"},"content":{"rendered":"\n[et_pb_section fb_built=&#8220;1&#8243; _builder_version=&#8220;3.27.4&#8243;][et_pb_row column_structure=&#8220;3_5,2_5&#8243; _builder_version=&#8220;3.27.4&#8243; custom_margin=&#8220;-22px|auto||auto||&#8220;][et_pb_column type=&#8220;3_5&#8243; _builder_version=&#8220;3.27.4&#8243;][et_pb_post_title author=&#8220;off&#8220; categories=&#8220;off&#8220; comments=&#8220;off&#8220; featured_image=&#8220;off&#8220; _builder_version=&#8220;3.27.4&#8243; title_font=&#8220;|800|||||||&#8220; title_text_color=&#8220;#f39900&#8243; custom_padding=&#8220;||10px||false|false&#8220; border_width_bottom=&#8220;2px&#8220; border_color_bottom=&#8220;#f39900&#8243;][\/et_pb_post_title][et_pb_text _builder_version=&#8220;3.29.3&#8243; text_font=&#8220;Noto Serif||||||||&#8220;]<p><em>Von Stephan Suhner<\/em><\/p>\n<p>Am Mittwoch, 5. Juni 2019, haben mehr als 180 Organisationen wegen dem Gesetzesprojekt 003, mit dem das Landreformgesetz Nr. 160 von 1994 abge\u00e4ndert werden soll, einen Appell an die Regierung und den Kongress gerichtet. Die Forderung ist, dass das Projekt von den Beratungen zur\u00fcckgezogen werden soll, da es den Zugang zu Land f\u00fcr Kleinb\u00e4uerInnen nicht garantiert und dem Friedensabkommen zuwider l\u00e4uft. Unter dem Hashtag #NoJodanElCampo wurde der Forderung auf Twitter Nachdruck verliehen. Zudem wurde das Projekt im Kongress eingereicht, ohne den Prozess der vorg\u00e4ngigen Konsultation und Zustimmung mit afrokolumbianischen und indigenen Gemeinschaften zufriedenstellend durchgef\u00fchrt zu haben, weshalb die Mesa Permanente de Concertaci\u00f3n eine Verfassungsklage einreichte. Bei der Erarbeitung des Gesetzesprojekts wurden auch die Abkommen mit der Cumbre Agraria verletzt, wonach eine gemeinsam vereinbarte partizipative Vorgehensweise zur Reform des Gesetzes Nr. 160 definiert werden soll. Auch wurden Zusagen aus der Diskussion des Entwicklungsplans nicht eingehalten, wonach eine Kommission des Kongresses in einem breiten und partizipativen Prozess Themen wie die Formalisierung des Landbesitzes und \u00c4nderungen beim Umgang mit staatlichem Brachland studieren soll. Das Gesetzesprojekt greift zudem dieselben Vorschl\u00e4ge auf, die schon unter der Regierung von Juan Manuel Santos mittels Fast Track h\u00e4tten durch den Kongress gepeitscht werden sollen, und die in einer \u00f6ffentlichen Anh\u00f6rung im August 2018 von den Kleinb\u00e4uerInnen- und ethnischen Organisationen einhellig abgelehnt wurden.<\/p>\n<p>In der Woche vom 17. Juni 2019 sollte die f\u00fcnfte Senatskommission \u00fcber das Gesetzesprojekt 003 abstimmen. Die Opposition im Senat spricht davon, dass dieses Gesetzesprojekt dem extraktivistischen Modell mit Bergbau und Agroindustrie zum Durchbruch verhelfen w\u00fcrde. Sergio Mart\u00ednez von der Kolumbianischen Juristenkommission weist auf vier Punkte hin, die Sorge bereiten: so die Verkennung des Kleinbauernstandes als politisches Subjekt mit Rechten; die Schw\u00e4chung der Integralen Landreform RRI; die Legitimierung von Landraub, und die Beseitigung der sozialen Funktion, die der Grundbesitz bisher erf\u00fcllen musste. Martinez erkl\u00e4rte, dass der Artikel 1 des vorgeschlagenen Gesetzes das Konzept der Landwirtschaft, das auf der famili\u00e4ren und gemeinschaftlichen Kleinbauernwirtschaft beruht, eliminiert wird, und nur mehr auf Agroindustrie gesetzt wird. Es soll eine Balance zwischen Agroindustrie, Bergbau und Tourismus gefunden werden, aber ein differentieller Fokus f\u00e4llt weg. Neu w\u00fcrde Bergbau als legitime Aktivit\u00e4t des l\u00e4ndlichen Raumes ber\u00fccksichtigt, und wo Bergbau geplant ist, kann staatliches Brachland nicht mehr anderweitig \u2013 an Ba\u00e4uerInnen \u2013 vergeben werden. Artikel 2 schl\u00e4gt eine neue Zonenform f\u00fcr die Raumplanung vor, die priorit\u00e4ren Zonen f\u00fcr die Lebensmittelproduktion (Zonas Prioritarias para la Producci\u00f3n de Alimentos ZPPA), die vom Landwirtschaftsministerium bestimmt werden k\u00f6nnen, was die Autonomie der regionalen Beh\u00f6rden in der Raumplanung beschr\u00e4nken w\u00fcrde.<\/p>\n<p>Innerhalb des Friedensabkommens mit den FARC war im ersten Punkt die Integrale Agrarreform aufgef\u00fchrt als eine alternative Form der Entwicklung und des Wohlstandes in den Territorien, der die ausgeschlossenen Menschen einschliesst und so zur nationalen Vers\u00f6hnung beitr\u00e4gt. Der Gesetzesvorschlag sieht nun aber vor, dass Bergleute Land vom Bodenfonds beantragen k\u00f6nnen, der bisher den Agrarreformbeg\u00fcnstigten vorbehalten war. Ebenso ist vorgesehen, dass Grundst\u00fccke statt dem Bodenfonds auch direkt an agroindustrielle Projekte z.B. einer ZPPA oder ZIDRES \u00fcbergeben werden k\u00f6nnen, und dass auch Ausl\u00e4nderInnen Land aus dem Bodenfonds erhalten k\u00f6nnen. Damit w\u00fcrde der Sinn und Geist der integralen Agrarreform wie sie im Friedensabkommen verankert ist, klar verletzt.<\/p>\n<p>Auch Lucia Aldana, Anw\u00e4ltin der Corporaci\u00f3n Jur\u00eddica Yira Castro[1], ist der Meinung, dass das Projekt f\u00fcr die Campesinos\/as schlecht sei, da es ihnen den Zugang zu Land nicht garantiere und die Unternehmersicht auf das Territorium vertieft. Das Projekt sieht vor, dass staatliches Brachland mittels juristischen Verfahren angeeignet werden k\u00f6nne, weil eine legitime Erwartung bestehe. Staatliches Brachland sollte prim\u00e4r an Landreformbeg\u00fcnstigte zugeteilt werden. Der Gesetzesvorschlag sieht vor, dass per Gerichtsurteil auch einer Person, die Brachland illegal in Besitz genommen hat, das Besitzrecht \u00fcbertragen werden kann, eben weil diese Person eine legitime Erwartung habe. Auch soll Personen, die schon \u00fcber Grundbesitz verf\u00fcgen, staatliches Brachland zugeteilt werden k\u00f6nnen. Das staatliche Brachland sollte bisher aber den Bodenfonds f\u00fcr die Integrale Landreform alimentieren, und wenn es nun an Personen mit Kaufkraft vergeben wird, steht weniger Land f\u00fcr landlose Kleinb\u00e4uerInnen zur Verf\u00fcgung. Auch soll gem\u00e4ss dem Gesetzesprojekt Land an Unternehmen verpachtet und an juristische Personen tituliert werden k\u00f6nnen. Mit dem Gesetzesprojekt soll sich \u2013 so Aldana \u2013 nichts \u00e4ndern und das Land in der Hand derjenigen bleiben, die es schon besitzen, n\u00e4mlich der Oligarchie.[2]<\/p>\n<p>Artikel 7 des Gesetzesvorschlags legitimiert und behebt die M\u00e4ngel der verschiedenen Formen von Landraub, die w\u00e4hrend des bewaffneten Konflikts erfolgten, in dem der Besitz \u00fcber Zuteilungsverf\u00fcgungen, Privattitel oder Gerichtsurteile beglaubigt werden kann, ohne den Gewaltkontext oder die Rechtsmissbr\u00e4uche zu evaluieren, unter denen das Land angeeignet wurde. Diese Norm missachtet die Illegalit\u00e4tsvermutung gem\u00e4ss Art. 77 des Opfergesetzes und ist eine Verspottung der Rechte und der integralen Widergutmachung der Opfer. Mit dem Artikel 13 w\u00fcrde der Staat auf die R\u00fcckgewinnung von Grundst\u00fccken verzichten. Zudem kann ein Landbesitzer die wirtschaftliche Nutzung und damit die soziale Funktion seines Landbesitzes belegen, in dem er einfach einen Pachtvertrag mit jemandem unterzeichnet.[3] Zu guter Letzt enth\u00e4lt das Projekt keine L\u00f6sungen f\u00fcr Gemeinschaften, die in Naturschutzzonen leben, und die heute kriminalisiert werden und aus diesen Gebieten vertrieben werden sollten, ohne die traditionelle Besiedlung und den Beitrag zum Umweltschutz dieser Gemeinschaften anzuerkennen. Auch gibt es keine Massnahmen, um die Genderdiskriminierung beim Zugang zu Land, Krediten etc. f\u00fcr Landfrauen zu beheben.[4]<\/p>\n<p><a href=\"https:\/\/kolko.net\/askonline\/themen\/natuerliche-ressourcen-und-agrarfrage\/laendliche-entwicklung-und-agrarreform\/gesetzesprojekt-003-zur-abaenderung-des-agrareformgesetzes-160\/#_ftnref1\" target=\"_blank\" rel=\"noopener noreferrer\">[1]<span>\u00a0<\/span>http:\/\/cjyiracastro.org.co\/actualidad\/noticias\/analisis-del-proyecto-de-ley-003-de-2018-por-medio-del-cual-se-modifica-la-lay-160-de-1994-y-se-dictan-otras-disposiciones\/<\/a><\/p>\n<p><a name=\"_ftn2\" href=\"https:\/\/kolko.net\/askonline\/themen\/natuerliche-ressourcen-und-agrarfrage\/laendliche-entwicklung-und-agrarreform\/gesetzesprojekt-003-zur-abaenderung-des-agrareformgesetzes-160\/#_ftnref2\">[2]<\/a><span>\u00a0<\/span>Contagio Radio, Las razones para que campesinos le digan al Congreso: #NoJodanElCampo, 5. Juni 2019, in:<span>\u00a0<\/span><a href=\"https:\/\/www.contagioradio.com\/campesinos-congreso-nojodanelcampo\/\" target=\"_blank\" rel=\"noopener noreferrer\">https:\/\/www.contagioradio.com\/campesinos-congreso-nojodanelcampo\/<\/a><\/p>\n<p><a name=\"_ftn3\" href=\"https:\/\/kolko.net\/askonline\/themen\/natuerliche-ressourcen-und-agrarfrage\/laendliche-entwicklung-und-agrarreform\/gesetzesprojekt-003-zur-abaenderung-des-agrareformgesetzes-160\/#_ftnref3\">[3]<\/a><span>\u00a0<\/span>Contagio Radio, Este Proyecto de ley busca hacer trizas la reforma agraria, 18. Juni 2019, in:<span>\u00a0<\/span><a href=\"https:\/\/www.contagioradio.com\/este-proyecto-de-ley-busca-hacer-trizas-de-la-reforma-agraria\/\" target=\"_blank\" rel=\"noopener noreferrer\">https:\/\/www.contagioradio.com\/este-proyecto-de-ley-busca-hacer-trizas-de-la-reforma-agraria\/<\/a><\/p>\n<p><a name=\"_ftn4\" href=\"https:\/\/kolko.net\/askonline\/themen\/natuerliche-ressourcen-und-agrarfrage\/laendliche-entwicklung-und-agrarreform\/gesetzesprojekt-003-zur-abaenderung-des-agrareformgesetzes-160\/#_ftnref4\">[4]<\/a><span>\u00a0<\/span>Comisi\u00f3n Colombiana de Juristas, La sociedad civil se manifiesta ante proyecto de ley que busca acabar con el campesinado del pa\u00eds, 5. Juni 2019, in:<span>\u00a0<\/span><a href=\"http:\/\/www.coljuristas.org\/nuestro_quehacer\/item.php?id=225\" target=\"_blank\" rel=\"noopener noreferrer\">http:\/\/www.coljuristas.org\/nuestro_quehacer\/item.php?id=225<\/a><\/p>[\/et_pb_text][\/et_pb_column][et_pb_column type=&#8220;2_5&#8243; _builder_version=&#8220;3.27.4&#8243;][et_pb_button button_url=&#8220;\/wp-content\/uploads\/2019\/10\/NL593_Abaenderung_Agrarreformgesetz_1601.pdf&#8220; url_new_window=&#8220;on&#8220; button_text=&#8220;Download als PDF&#8220; button_alignment=&#8220;center&#8220; _builder_version=&#8220;3.29.3&#8243; custom_button=&#8220;on&#8220; button_text_size=&#8220;16px&#8220; button_bg_color=&#8220;#55677f&#8220; button_border_width=&#8220;2px&#8220; button_border_color=&#8220;rgba(0,0,0,0)&#8220; button_border_radius=&#8220;0px&#8220; button_letter_spacing=&#8220;4px&#8220; button_font=&#8220;Source Sans Pro|700||on|||||&#8220; button_icon=&#8220;%%266%%&#8220; button_icon_color=&#8220;#ffffff&#8220; button_icon_placement=&#8220;left&#8220; background_layout=&#8220;dark&#8220; custom_margin=&#8220;||&#8220; custom_padding=&#8220;12px|87px|12px|87px|true|true&#8220; locked=&#8220;off&#8220;]\r[\/et_pb_button][et_pb_image src=&#8220;https:\/\/kolko.net\/askonline\/wp-content\/uploads\/2019\/10\/47757e97241.jpg&#8220; align=&#8220;center&#8220; force_fullwidth=&#8220;on&#8220; _builder_version=&#8220;3.29.3&#8243;][\/et_pb_image][et_pb_image src=&#8220;https:\/\/kolko.net\/askonline\/wp-content\/uploads\/2019\/10\/00590ef1031.png&#8220; align=&#8220;center&#8220; force_fullwidth=&#8220;on&#8220; _builder_version=&#8220;3.29.3&#8243;][\/et_pb_image][et_pb_sidebar area=&#8220;et_pb_widget_area_1&#8243; _builder_version=&#8220;3.27.4&#8243;][\/et_pb_sidebar][\/et_pb_column][\/et_pb_row][\/et_pb_section]\n","protected":false},"excerpt":{"rendered":"<p>Am Mittwoch, 5. Juni 2019, haben mehr als 180 Organisationen wegen dem Gesetzesprojekt 003, mit dem das Landreformgesetz Nr. 160 von 1994 abge\u00e4ndert werden soll, einen Appell an die Regierung und den Kongress gerichtet. Die Forderung ist, dass das Projekt von den Beratungen zur\u00fcckgezogen werden soll, da es den Zugang zu Land f\u00fcr Kleinb\u00e4uerInnen nicht garantiert und dem Friedensabkommen zuwider l\u00e4uft. <\/p>\n","protected":false},"author":1,"featured_media":4604,"comment_status":"closed","ping_status":"closed","sticky":false,"template":"","format":"standard","meta":{"_et_pb_use_builder":"on","_et_pb_old_content":"","_et_gb_content_width":"","footnotes":""},"categories":[26],"tags":[],"class_list":["post-4599","post","type-post","status-publish","format-standard","has-post-thumbnail","hentry","category-laendliche-entwicklung-und-agrarreform"],"_links":{"self":[{"href":"https:\/\/kolko.net\/askonline\/wp-json\/wp\/v2\/posts\/4599","targetHints":{"allow":["GET"]}}],"collection":[{"href":"https:\/\/kolko.net\/askonline\/wp-json\/wp\/v2\/posts"}],"about":[{"href":"https:\/\/kolko.net\/askonline\/wp-json\/wp\/v2\/types\/post"}],"author":[{"embeddable":true,"href":"https:\/\/kolko.net\/askonline\/wp-json\/wp\/v2\/users\/1"}],"replies":[{"embeddable":true,"href":"https:\/\/kolko.net\/askonline\/wp-json\/wp\/v2\/comments?post=4599"}],"version-history":[{"count":10,"href":"https:\/\/kolko.net\/askonline\/wp-json\/wp\/v2\/posts\/4599\/revisions"}],"predecessor-version":[{"id":4834,"href":"https:\/\/kolko.net\/askonline\/wp-json\/wp\/v2\/posts\/4599\/revisions\/4834"}],"wp:featuredmedia":[{"embeddable":true,"href":"https:\/\/kolko.net\/askonline\/wp-json\/wp\/v2\/media\/4604"}],"wp:attachment":[{"href":"https:\/\/kolko.net\/askonline\/wp-json\/wp\/v2\/media?parent=4599"}],"wp:term":[{"taxonomy":"category","embeddable":true,"href":"https:\/\/kolko.net\/askonline\/wp-json\/wp\/v2\/categories?post=4599"},{"taxonomy":"post_tag","embeddable":true,"href":"https:\/\/kolko.net\/askonline\/wp-json\/wp\/v2\/tags?post=4599"}],"curies":[{"name":"wp","href":"https:\/\/api.w.org\/{rel}","templated":true}]}}