{"id":4555,"date":"2010-12-31T13:06:18","date_gmt":"2010-12-31T12:06:18","guid":{"rendered":"http:\/\/ask.almargen.de\/?p=4555"},"modified":"2019-10-21T21:44:01","modified_gmt":"2019-10-21T19:44:01","slug":"wirtschaft-menschenrechte-und-friedensfoerderung-in-kolumbien-der-standpunkt-der-ask-2","status":"publish","type":"post","link":"https:\/\/kolko.net\/askonline\/themen\/wirtschaft-menschenrechte\/unternehmensverantwortung-und-wirtschaftspolitik\/wirtschaft-menschenrechte-und-friedensfoerderung-in-kolumbien-der-standpunkt-der-ask-2","title":{"rendered":"Wirtschaft, Menschenrechte und Friedensf\u00f6rderung in Kolumbien: Der Standpunkt der ask"},"content":{"rendered":"\n[et_pb_section fb_built=&#8220;1&#8243; _builder_version=&#8220;3.27.4&#8243;][et_pb_row column_structure=&#8220;3_5,2_5&#8243; _builder_version=&#8220;3.27.4&#8243; custom_margin=&#8220;-22px|auto||auto||&#8220;][et_pb_column type=&#8220;3_5&#8243; _builder_version=&#8220;3.27.4&#8243;][et_pb_post_title author=&#8220;off&#8220; categories=&#8220;off&#8220; comments=&#8220;off&#8220; featured_image=&#8220;off&#8220; _builder_version=&#8220;3.27.4&#8243; title_font=&#8220;|800|||||||&#8220; title_text_color=&#8220;#f39900&#8243; custom_padding=&#8220;||10px||false|false&#8220; border_width_bottom=&#8220;2px&#8220; border_color_bottom=&#8220;#f39900&#8243;][\/et_pb_post_title][et_pb_text _builder_version=&#8220;3.29.3&#8243; text_font=&#8220;Noto Serif||||||||&#8220;]<p><em>Von\u00a0Stephan Suhner<\/em><\/p>\n<p><strong>Seit \u00fcber vierzig Jahren pr\u00e4gt ein bewaffneter Konflikt das Geschehen in Kolumbien. Die Wirtschaft profitiert oft von diesem Geschehen. Die internationalen Unternehmen spielen eine wichtige Rolle im Land. Ihr Einfluss sollte im Bem\u00fchen um einen Friedensprozess genutzt werden. Die ask bef\u00fcrwortet verbindliche Normen im Menschenrechtsbereich und setzt sich daf\u00fcr ein, dass die Unternehmen ihre soziale Verantwortung wahrnehmen. Sie leistet \u00d6ffentlichkeitsarbeit, stellt Hintergrundrecherchen an und sucht mit den Schweizer Firmen in Kolumbien den Dialog.<\/strong><\/p>\n<p><strong>Worum geht es im Bereich Wirtschaft, Menschenrechte und Friedensf\u00f6rderung?<\/strong><\/p>\n<p>In Kolumbien herrscht seit \u00fcber 40 Jahren ein interner sozialer und bewaffneter Konflikt. Die wesentlichen Ursachen daf\u00fcr sind seit jeher die gleichen: soziale Ungleichheit und gegens\u00e4tzliche wirtschaftliche Interessen. Der Konflikt konzentriert sich auf rohstoffreiche und strategisch wichtige Regionen. Auch die meisten Menschenrechtsverletzungen ereignen sich im Umfeld wirtschaftlicher Megaprojekte, von Rohstoffausbeutung und Infrastrukturprojekten sowie im Zusammenhang mit umstrittenen Privatisierungen oder Wirtschafts- und Sozialreformen. Ein Grossteil der rund drei Millionen internen Vertriebenen musste sein Land verlassen,, da dieses \u201ef\u00fcr die staatliche Entwicklung (Agroindustrie, Infrastruktur etc.) \u201eben\u00f6tigt\u201c wurde. Gewerkschafter, Kleinbauernf\u00fchrer und Vertreter der indigenen und afrokolumbianischen Minderheiten, die f\u00fcr eine andere &#8211; nachhaltige und menschenfreundlichere &#8211; Entwicklung einstehen, geh\u00f6ren zu den Hauptopfern der systematischen Menschenrechtsverletzungen.<\/p>\n<p>Im Zusammenhang mit der \u00dcberwindung der Menschenrechtskrise und der Friedenssuche spielt der Unternehmenssektor eine tragende Rolle. Verschiedene Wirtschaftssektoren profitieren von den heutigen Konflikten und f\u00f6rdern diese teilweise sogar. Es kann glaubhaft belegt werden, dass verschiedene Unternehmen und Verb\u00e4nde die Paramilit\u00e4rs unterst\u00fctzen und in schwere Menschenrechtsverletzungen verwickelt sind. Ebenso wird bezeugt, dass unz\u00e4hlige multinationale Konzerne in Bezug auf Sicherheitsfragen mit den Streitkr\u00e4ften zusammenarbeiten. Verschiedene &#8211; auch multinationale &#8211; Unternehmen und Verb\u00e4nde haben einen grossen Einfluss auf die kolumbianische Politik und Gesetzgebung. In Verbindung mit unethischem Verhalten und der Einstellung der Unternehmen wirken sich diese Aktivit\u00e4ten auf die Entwicklung der verschiedenen Konflikte und die Menschenrechtssituation aus.<\/p>\n<p>Der Einfluss der (multinationalen) Unternehmen und die Ressourcen, \u00fcber die diese verf\u00fcgen, m\u00fcssten genutzt werden, um den Staat bei Friedensbem\u00fchungen zu unterst\u00fctzen. Der Privatwirtschaft kommt somit auch eine potentiell friedensf\u00f6rdernde Rolle zu. Dieser wird in der internationalen Fachliteratur zunehmend Rechnung getragen, Auch internationale Normen und Verhaltenskodices widmen sich immer h\u00e4ufiger dem Thema multinationale Unternehmen und Menschenrechte.<\/p>\n<p><strong>Wof\u00fcr setzt sich die ask im Bereich Wirtschaft, Menschenrechte und Friedensf\u00f6rderung ein?<\/strong><\/p>\n<p>Die Arbeitsgruppe Schweiz \u2013 Kolumbien setzt sich f\u00fcr eine koh\u00e4rente Schweizer Aussenpolitik im Gleichgewicht zwischen den Interessen der Aussenwirtschaft und den Menschenrechten ein.<\/p>\n<p>Am Beispiel Kolumbiens unterst\u00fctzen wir eine integrale Menschenrechts- und Friedensf\u00f6rderungspolitik, welche auch die Wirtschaftsinteressen der Schweiz und die Multis mit Sitz in der Schweiz einbezieht.<\/p>\n<p>Wir bef\u00fcrworten verbindliche Normen und Richtlinien im Bereich Menschenrechte, die f\u00fcr multinationale Unternehmen und Investitionen in Konfliktregionen gelten sollen.<\/p>\n<p>Wir machen uns daf\u00fcr stark, dass wirtschaftliche, soziale und kulturelle Menschenrechte eingefordert werden k\u00f6nnen und eingehalten werden.<\/p>\n<p>Wir setzen uns daf\u00fcr ein, dass die Schweizer Unternehmen in Kolumbien die dortigen Gesetze einhalten, die Arbeits- und Gewerkschaftsrechte respektieren und in Bezug auf die soziale Unternehmensverantwortung CSR eine Vorbildfunktion einnehmen.<\/p>\n<p>Mit Partnern in Europa und Kolumbien streben wir eine dem Frieden und sozialen Ausgleich dienende Entwicklungs- und Wirtschaftspolitik in Kolumbien an.<\/p>\n<p><strong>Was tut die ask im Bereich Wirtschaft, Menschenrechte und Friedensf\u00f6rderung?<\/strong><\/p>\n<p>Die Arbeitsgruppe Schweiz \u2013 Kolumbien macht die Wirtschaft und Friedensf\u00f6rderung am Beispiel Kolumbiens zu einem Thema der Schweizer Politik und sucht mit den betroffenen Schweizer Firmen den Dialog \u00fcber die \u201eFriedenstauglichkeit\u201c ihrer Aktivit\u00e4ten in Kolumbien.<\/p>\n<p>Wir stellen Hintergrundrecherchen zur sozialen Unternehmensverantwortung und zur Menschenrechtsbilanz der Schweizer Unternehmen in Kolumbien an.<br \/> Wir unterst\u00fctzen die Anliegen und Klagen betroffener Bev\u00f6lkerungskreise Kolumbiens im Rahmen von Rechtsverst\u00f6ssen und Menschenrechtsverletzungen durch Schweizer Unternehmen. Dazu leisten wir \u00d6ffentlichkeitsarbeit, lobbyieren bei den zust\u00e4ndigen Regierungsstellen und Unternehmen, begleiten und initiieren juristische Initiativen und Klagen, vernetzen uns mit anderen Organisationen und f\u00fchren verschiedene Aktionen und Kampagnen durch.<\/p>[\/et_pb_text][\/et_pb_column][et_pb_column type=&#8220;2_5&#8243; _builder_version=&#8220;3.27.4&#8243;][et_pb_button button_url=&#8220;\/wp-content\/uploads\/2019\/10\/Wirtschaft_Menschenrechte_Friedensforderung_ask_Standpunkt1.pdf&#8220; url_new_window=&#8220;on&#8220; button_text=&#8220;Download als PDF&#8220; button_alignment=&#8220;center&#8220; _builder_version=&#8220;3.29.3&#8243; custom_button=&#8220;on&#8220; button_text_size=&#8220;16px&#8220; button_bg_color=&#8220;#55677f&#8220; button_border_width=&#8220;2px&#8220; button_border_color=&#8220;rgba(0,0,0,0)&#8220; button_border_radius=&#8220;0px&#8220; button_letter_spacing=&#8220;4px&#8220; button_font=&#8220;Source Sans Pro|700||on|||||&#8220; button_icon=&#8220;%%266%%&#8220; button_icon_color=&#8220;#ffffff&#8220; button_icon_placement=&#8220;left&#8220; background_layout=&#8220;dark&#8220; custom_margin=&#8220;||&#8220; custom_padding=&#8220;12px|87px|12px|87px|true|true&#8220; locked=&#8220;off&#8220;]\r[\/et_pb_button][et_pb_image src=&#8220;https:\/\/kolko.net\/askonline\/wp-content\/uploads\/2019\/10\/e0da88d2c21.jpg&#8220; force_fullwidth=&#8220;on&#8220; _builder_version=&#8220;3.29.3&#8243;][\/et_pb_image][et_pb_sidebar area=&#8220;et_pb_widget_area_1&#8243; _builder_version=&#8220;3.27.4&#8243;][\/et_pb_sidebar][\/et_pb_column][\/et_pb_row][\/et_pb_section]\n","protected":false},"excerpt":{"rendered":"<p>Seit \u00fcber vierzig Jahren pr\u00e4gt ein bewaffneter Konflikt das Geschehen in Kolumbien. Die Wirtschaft profitiert oft von diesem Geschehen. Die internationalen Unternehmen spielen eine wichtige Rolle im Land. Ihr Einfluss sollte im Bem\u00fchen um einen Friedensprozess genutzt werden. Die ask bef\u00fcrwortet verbindliche Normen im Menschenrechtsbereich und setzt sich daf\u00fcr ein, dass die Unternehmen ihre soziale Verantwortung wahrnehmen. Sie leistet \u00d6ffentlichkeitsarbeit, stellt Hintergrundrecherchen an und sucht mit den Schweizer Firmen in Kolumbien den Dialog.<\/p>\n","protected":false},"author":1,"featured_media":4568,"comment_status":"closed","ping_status":"closed","sticky":false,"template":"","format":"standard","meta":{"_et_pb_use_builder":"on","_et_pb_old_content":"","_et_gb_content_width":"","footnotes":""},"categories":[24],"tags":[],"class_list":["post-4555","post","type-post","status-publish","format-standard","has-post-thumbnail","hentry","category-unternehmensverantwortung-und-wirtschaftspolitik"],"_links":{"self":[{"href":"https:\/\/kolko.net\/askonline\/wp-json\/wp\/v2\/posts\/4555","targetHints":{"allow":["GET"]}}],"collection":[{"href":"https:\/\/kolko.net\/askonline\/wp-json\/wp\/v2\/posts"}],"about":[{"href":"https:\/\/kolko.net\/askonline\/wp-json\/wp\/v2\/types\/post"}],"author":[{"embeddable":true,"href":"https:\/\/kolko.net\/askonline\/wp-json\/wp\/v2\/users\/1"}],"replies":[{"embeddable":true,"href":"https:\/\/kolko.net\/askonline\/wp-json\/wp\/v2\/comments?post=4555"}],"version-history":[{"count":13,"href":"https:\/\/kolko.net\/askonline\/wp-json\/wp\/v2\/posts\/4555\/revisions"}],"predecessor-version":[{"id":4836,"href":"https:\/\/kolko.net\/askonline\/wp-json\/wp\/v2\/posts\/4555\/revisions\/4836"}],"wp:featuredmedia":[{"embeddable":true,"href":"https:\/\/kolko.net\/askonline\/wp-json\/wp\/v2\/media\/4568"}],"wp:attachment":[{"href":"https:\/\/kolko.net\/askonline\/wp-json\/wp\/v2\/media?parent=4555"}],"wp:term":[{"taxonomy":"category","embeddable":true,"href":"https:\/\/kolko.net\/askonline\/wp-json\/wp\/v2\/categories?post=4555"},{"taxonomy":"post_tag","embeddable":true,"href":"https:\/\/kolko.net\/askonline\/wp-json\/wp\/v2\/tags?post=4555"}],"curies":[{"name":"wp","href":"https:\/\/api.w.org\/{rel}","templated":true}]}}