{"id":416,"date":"2019-04-30T16:22:22","date_gmt":"2019-04-30T14:22:22","guid":{"rendered":"http:\/\/ask.almargen.de\/?p=416"},"modified":"2019-10-28T19:00:12","modified_gmt":"2019-10-28T18:00:12","slug":"schutzlose-menschenrechtsverteidigerinnen","status":"publish","type":"post","link":"https:\/\/kolko.net\/askonline\/themen\/schutzlose-menschenrechtsverteidigerinnen","title":{"rendered":"Schutzlose MenschenrechtsverteidigerInnen"},"content":{"rendered":"<p>[et_pb_section fb_built=&#8220;1&#8243; _builder_version=&#8220;3.27.4&#8243;][et_pb_row column_structure=&#8220;3_5,2_5&#8243; _builder_version=&#8220;3.27.4&#8243; custom_margin=&#8220;-22px|auto||auto||&#8220;][et_pb_column type=&#8220;3_5&#8243; _builder_version=&#8220;3.27.4&#8243;][et_pb_post_title author=&#8220;off&#8220; categories=&#8220;off&#8220; comments=&#8220;off&#8220; featured_image=&#8220;off&#8220; _builder_version=&#8220;3.27.4&#8243; title_font=&#8220;|800|||||||&#8220; title_text_color=&#8220;#f39900&#8243; custom_padding=&#8220;||10px||false|false&#8220; border_width_bottom=&#8220;2px&#8220; border_color_bottom=&#8220;#f39900&#8243;][\/et_pb_post_title][et_pb_text _builder_version=&#8220;4.0.2&#8243;]<\/p>\n<p><em>Von Fabian Dreher<\/em><\/p>\n<p><em>Seit dem Amtsantritt der neuen Regierung Kolumbiens haben Morde und Gewalt an sozialen F\u00fchrungspersonen und MenschenrechtsverteidigerInnen zugenommen. Die Antwort des Staates auf die zunehmende Gewalt ist ungen\u00fcgend. Mit dem im November 2018 vorgestellten Plan de Acci\u00f3n Oportuna (PAO) ignoriert die Regierung von Pr\u00e4sident Duque die bereits existierenden Mechanismen zur Reduktion von Risiken und ihre gesetzlichen und internationalen Verpflichtungen.<\/em><\/p>\n<p>In den vergangenen 20 Jahren wurden in Kolumbien verschiedene Dialogmechanismen zur Reduktion von Menschenrechtsverletzungen und Garantien f\u00fcr die Arbeit von MenschenrechtsverteidigerInnen (MRV) geschaffen, darunter der Nationale Tisch f\u00fcr Garantien (Mesa Nacional de Garant\u00edas). Die neue Regierung missachtet diese Dialogmechanismen mit der Zivilgesellschaft. Die im Rahmen des Friedensabkommens mit den FARC geschaffene Nationale Kommission f\u00fcr Sicherheitsgarantien (Comisi\u00f3n Nacional de Garant\u00edas de Seguridad, CNGS) wurde erst nach sechs Monaten einberufen. Dabei versuchte die Regierung das Mandat dieser Kommission zu beschneiden und sie zu einem reinen Konsultativorgan zu degradieren. Damit verletzt die Regierung die Bestimmungen des Friedensabkommens.<\/p>\n<p>Mit dem PAO schafft die Regierung zudem neue Mechanismen und Kommissionen parallel zu bereits bestehenden, schliesst bei den Neuen jedoch die Zivilgesellschaft sowie die internationale Gemeinschaft aus. Es handelt sich entsprechend um rein staatliche kontrollierte Kommissionen. Damit zerst\u00f6rt die Regierung von Pr\u00e4sident Duque die Fortschritte der vergangenen 20 Jahre und verweigert sich dem Dialog mit der Zivilgesellschaft. Die Oberste Staatsanwaltschaft hat insbesondere die Aufkl\u00e4rung neuerer F\u00e4lle von Morden an sozialen F\u00fchrungspersonen und MenschenrechtsverteidigerInnen f\u00fcr dringlich erkl\u00e4rt. Dies ist zu begr\u00fcssen, jedoch werden auch aktuell die meisten F\u00e4lle nicht aufgekl\u00e4rt. Und wenn, werden nur die M\u00f6rder ermittelt, die Hintergr\u00fcnde der Taten und die Auftraggeber jedoch nicht. Weiterhin bleibt ein Grossteil der Gewalt gegen soziale F\u00fchrungspersonen straflos.<\/p>\n<p>Der Plan de Acci\u00f3n Oportuna de Prevenci\u00f3n y Protecci\u00f3n para los defensores de derechos humanos, l\u00edderes sociales, comunales y periodistas (PAO) soll die Antwort der staatlichen Institutionen auf die Gewalt gegen MenschenrechtsverteidigerInnen sein. Dazu sollen erstens die staatlichen Institutionen angepasst, zweitens eine territoriale Strategie erarbeitet, drittens eine Kommunikations- und Bildungsstrategie ausgearbeitet und viertens eine \u00f6ffentliche Politik auf der Basis der drei vorhergehenden Punkten formuliert werden. Die mit der Ausarbeitung dieser Politik beauftragte Kommission umfasst wie bereits oben erw\u00e4hnt nur staatliche Institutionen und schliesst die Zivilgesellschaft sowie die internationale Gemeinschaft aus. Zudem untersteht die Kommission dem Verteidigungsministerium. Die Kommission wird damit beauftragt, Strategische Interventionszonen (ZEII) zur institutionellen Kontrolle des Territoriums zu definieren. Die Ausf\u00fchrung von Massnahmen in den ZEII ist den staatlichen Sicherheitskr\u00e4ften vorbehalten. Dies zeigt die einseitige Ausrichtung des vorgestellten PAO. Von Gewalt betroffene Gebiete sollen durch milit\u00e4rische und polizeiliche Mittel unter Kontrolle gebracht werden. Dass die Gewalt insbesondere gegen MenschenrechtsverteidigerInnen und soziale F\u00fchrungspersonen in Kolumbien oft auch von Unternehmen, staatlichen Sicherheitskr\u00e4ften, paramilit\u00e4rischen Organisationen mit Verbindungen in die staatlichen Institutionen ausgeht sowie strukturelle Ursachen hat, verschweigt der PAO vollst\u00e4ndig.<\/p>\n<p>Der PAO ist jedoch nicht nur eine Fortsetzung der in der Vergangenheit bereits gescheiterten Instrumente und Mechanismen, sondern in verschiedenen Punkten sogar ein R\u00fcckschritt gegen\u00fcber dem gegenw\u00e4rtigen Zustand. Die geplante Militarisierung der Territorien sowie der Schutz- und Pr\u00e4ventivmassnahmen erh\u00f6ht die Risiken f\u00fcr MenschenrechtsverteidigerInnen und soziale F\u00fchrungspersonen. Der PAO erlaubt die Nutzung &#8222;technischer Mittel&#8220; zur Datenanalyse f\u00fcr die Ermittlung und Evaluation von Risiken und risikogerechten Massnahmen. Was im ersten Moment nach dem Einsatz moderner Mittel klingt, ist in der Realit\u00e4t die offene und legalisierte Verwendung illegaler \u00dcberwachungsdaten. Damit wird einerseits die Privatsph\u00e4re der betroffenen Personen verletzt und andererseits erh\u00f6hen sich die Risiken f\u00fcr betroffenen Personen massiv. Der Missbrauch von Daten staatlicher Institutionen ist in Kolumbien eher die Norm als die Ausnahme. Um den Zugang der Staatsanwaltschaft in abgelegenen Gegenden sicherzustellen, sieht der PAO eine Zusammenarbeit mit der Armee vor. Dies ist jedoch im Sinne der Gewaltenteilung \u00e4usserst heikel und \u00f6ffnet die Staatsanwaltschaft der Beeinflussung durch die staatlichen Sicherheitskr\u00e4fte.<\/p>\n<p>Der PAO beschr\u00e4nkt sich auf 33 Gemeinden in acht Departementen, die besonders von Gewalt betroffen sind. Er l\u00e4sst jedoch offen, wie die Gewalt gegen MenschenrechtsverteidigerInnen und soziale F\u00fchrungspersonen im Rest des Landes bek\u00e4mpft werden soll. In den strategischen Interventionszonen schafft der PAO einheitliche Kommandostellen (Puestos de Mando Unificados, PMU). Diese werden vom Verteidigungsministerium gef\u00fchrt, es ist jedoch unklar, welche Befugnisse diese PMU haben werden und wie diese zum Beispiel mit den lokalen Beh\u00f6rden oder der Zivilgesellschaft zusammen arbeiten. Der PAO sieht dabei keine St\u00e4rkung der zivilen staatlichen Institutionen vor, sondern unterstellt die Erbringung sozialer Leistungen den staatlichen Sicherheitskr\u00e4ften. Eine bespiellose Militarisierung der staatlichen Pr\u00e4senz in den betroffenen Regionen.<\/p>\n<p>In den vergangenen Jahren konnte im Dialog zwischen Staat und Zivilgesellschaft ein ganzheitlicher Ansatz f\u00fcr den Schutz und Sicherheitsgarantien von MenschenrechtsverteidigerInnen und sozialen F\u00fchrungspersonen geschaffen werden. Der PAO der neuen Regierung Kolumbiens ignoriert diesen Dialog und die erzielten Fortschritte. Dies zeigt nicht zuletzt auch die Ernennung des umstrittenen Generals Leonardo Barrera zum Berater der Innenministerin f\u00fcr die Umsetzung des PAO. Gesellschaft und Staat sollen gem\u00e4ss dem PAO in beispielloser Weise militarisiert werden. Der Schutz von MenschenrechtsverteidigerInnen und sozialen F\u00fchrungspersonen wird nicht als Aufgabe eines demokratischen Staates gesehen, sondern als Teilst\u00fcck zur Kontrolle des gesamten Territoriums durch die staatlichen Sicherheitskr\u00e4fte. Dabei setzt sich der PAO auch \u00fcber demokratische Errungenschaften wie Gewaltenteilung, politische Kontrolle der Sicherheitskr\u00e4fte sowie die Menschenrechte hinweg. Es wird nun die Aufgabe der Zivilgesellschaft sein, diesen Kurs der Regierung zu kritisieren, damit der PAO im Sinne von ganzheitlichen Sicherheits- und Schutzgarantien f\u00fcr soziale F\u00fchrungspersonen und MRV umgebaut wird.<\/p>\n<p>[\/et_pb_text][\/et_pb_column][et_pb_column type=&#8220;2_5&#8243; _builder_version=&#8220;3.27.4&#8243;][et_pb_button button_url=&#8220;\/wp-content\/uploads\/2019\/09\/Newsletter591_Artikel_PAO1.pdf&#8220; url_new_window=&#8220;on&#8220; button_text=&#8220;Download als PDF&#8220; button_alignment=&#8220;center&#8220; _builder_version=&#8220;3.27.4&#8243; custom_button=&#8220;on&#8220; button_text_size=&#8220;16px&#8220; button_bg_color=&#8220;#55677f&#8220; button_border_width=&#8220;2px&#8220; button_border_color=&#8220;rgba(0,0,0,0)&#8220; button_border_radius=&#8220;0px&#8220; button_letter_spacing=&#8220;4px&#8220; button_font=&#8220;Source Sans Pro|700||on|||||&#8220; button_icon=&#8220;%%266%%&#8220; button_icon_color=&#8220;#ffffff&#8220; button_icon_placement=&#8220;left&#8220; background_layout=&#8220;dark&#8220; custom_margin=&#8220;||&#8220; custom_padding=&#8220;12px|87px|12px|87px|true|true&#8220; locked=&#8220;off&#8220;]<br \/>\n[\/et_pb_button][et_pb_image src=&#8220;https:\/\/kolko.net\/askonline\/wp-content\/uploads\/2019\/10\/4efca965c21.jpg&#8220; show_in_lightbox=&#8220;on&#8220; align=&#8220;center&#8220; force_fullwidth=&#8220;on&#8220; _builder_version=&#8220;4.0.2&#8243;][\/et_pb_image][et_pb_image src=&#8220;https:\/\/kolko.net\/askonline\/wp-content\/uploads\/2019\/10\/a74be6e2311.jpeg&#8220; show_in_lightbox=&#8220;on&#8220; align=&#8220;center&#8220; force_fullwidth=&#8220;on&#8220; _builder_version=&#8220;4.0.2&#8243;][\/et_pb_image][et_pb_sidebar area=&#8220;et_pb_widget_area_1&#8243; _builder_version=&#8220;3.27.4&#8243;][\/et_pb_sidebar][\/et_pb_column][\/et_pb_row][\/et_pb_section]<\/p>\n","protected":false},"excerpt":{"rendered":"<p>Seit dem Amtsantritt der neuen Regierung Kolumbiens haben Morde und Gewalt an sozialen F\u00fchrungspersonen und MenschenrechtsverteidigerInnen zugenommen. Die Antwort des Staates auf die zunehmende Gewalt ist ungen\u00fcgend. Mit dem im November 2018 vorgestellten Plan de Acci\u00f3n Oportuna (PAO) ignoriert die Regierung von Pr\u00e4sident Duque die bereits existierenden Mechanismen zur Reduktion von Risiken und ihre gesetzlichen und internationalen Verpflichtungen.<\/p>\n","protected":false},"author":1,"featured_media":407,"comment_status":"closed","ping_status":"closed","sticky":true,"template":"","format":"standard","meta":{"_et_pb_use_builder":"on","_et_pb_old_content":"","_et_gb_content_width":"","footnotes":""},"categories":[11,10],"tags":[],"class_list":["post-416","post","type-post","status-publish","format-standard","has-post-thumbnail","hentry","category-menschenrechte","category-themen"],"_links":{"self":[{"href":"https:\/\/kolko.net\/askonline\/wp-json\/wp\/v2\/posts\/416","targetHints":{"allow":["GET"]}}],"collection":[{"href":"https:\/\/kolko.net\/askonline\/wp-json\/wp\/v2\/posts"}],"about":[{"href":"https:\/\/kolko.net\/askonline\/wp-json\/wp\/v2\/types\/post"}],"author":[{"embeddable":true,"href":"https:\/\/kolko.net\/askonline\/wp-json\/wp\/v2\/users\/1"}],"replies":[{"embeddable":true,"href":"https:\/\/kolko.net\/askonline\/wp-json\/wp\/v2\/comments?post=416"}],"version-history":[{"count":35,"href":"https:\/\/kolko.net\/askonline\/wp-json\/wp\/v2\/posts\/416\/revisions"}],"predecessor-version":[{"id":4970,"href":"https:\/\/kolko.net\/askonline\/wp-json\/wp\/v2\/posts\/416\/revisions\/4970"}],"wp:featuredmedia":[{"embeddable":true,"href":"https:\/\/kolko.net\/askonline\/wp-json\/wp\/v2\/media\/407"}],"wp:attachment":[{"href":"https:\/\/kolko.net\/askonline\/wp-json\/wp\/v2\/media?parent=416"}],"wp:term":[{"taxonomy":"category","embeddable":true,"href":"https:\/\/kolko.net\/askonline\/wp-json\/wp\/v2\/categories?post=416"},{"taxonomy":"post_tag","embeddable":true,"href":"https:\/\/kolko.net\/askonline\/wp-json\/wp\/v2\/tags?post=416"}],"curies":[{"name":"wp","href":"https:\/\/api.w.org\/{rel}","templated":true}]}}