{"id":195,"date":"2019-07-16T11:03:05","date_gmt":"2019-07-16T09:03:05","guid":{"rendered":"http:\/\/ask.almargen.de\/?p=195"},"modified":"2019-10-21T21:18:21","modified_gmt":"2019-10-21T19:18:21","slug":"medienmitteilung-die-ask-verurteilt-die-gewalt-gegen-ethnische-minderheiten-in-kolumbien","status":"publish","type":"post","link":"https:\/\/kolko.net\/askonline\/allgemein\/medienmitteilung-die-ask-verurteilt-die-gewalt-gegen-ethnische-minderheiten-in-kolumbien","title":{"rendered":"Medienmitteilung: Die ask! verurteilt die Gewalt gegen ethnische Minderheiten in Kolumbien"},"content":{"rendered":"<p>[et_pb_section fb_built=&#8220;1&#8243; _builder_version=&#8220;3.27.4&#8243;][et_pb_row column_structure=&#8220;3_5,2_5&#8243; _builder_version=&#8220;3.27.4&#8243; custom_margin=&#8220;-22px|auto||auto||&#8220;][et_pb_column type=&#8220;3_5&#8243; _builder_version=&#8220;3.27.4&#8243;][et_pb_post_title author=&#8220;off&#8220; categories=&#8220;off&#8220; comments=&#8220;off&#8220; featured_image=&#8220;off&#8220; _builder_version=&#8220;3.27.4&#8243; title_font=&#8220;|800|||||||&#8220; title_text_color=&#8220;#f39900&#8243; custom_padding=&#8220;||10px||false|false&#8220; border_width_bottom=&#8220;2px&#8220; border_color_bottom=&#8220;#f39900&#8243;][\/et_pb_post_title][et_pb_text _builder_version=&#8220;3.27.4&#8243;]<\/p>\n<p>Die Arbeitsgruppe Schweiz-Kolumbien (ask!) sowie weitere NGO und soziale Bewegungen verurteilen die Gewalt gegen afrokolumbianische MenschenrechtsverteidigerInnen und soziale F\u00fchrungspersonen im Cauca sowie die Drohungen gegen soziale F\u00fchrungspersonen der indigenen Way\u00fau in der Guajira<\/p>\n<p>[\/et_pb_text][\/et_pb_column][et_pb_column type=&#8220;2_5&#8243; _builder_version=&#8220;3.27.4&#8243;][et_pb_button button_url=&#8220;\/wp-content\/uploads\/2019\/09\/190513_Attacks_against_Afro_and_Wayuu_leaders.EN1_.pdf&#8220; url_new_window=&#8220;on&#8220; button_text=&#8220;Medienmitteilung (englisch)&#8220; button_alignment=&#8220;center&#8220; _builder_version=&#8220;3.27.4&#8243; custom_button=&#8220;on&#8220; button_text_size=&#8220;16px&#8220; button_bg_color=&#8220;#55677f&#8220; button_border_width=&#8220;2px&#8220; button_border_color=&#8220;rgba(0,0,0,0)&#8220; button_border_radius=&#8220;0px&#8220; button_letter_spacing=&#8220;4px&#8220; button_font=&#8220;Source Sans Pro|700||on|||||&#8220; button_icon=&#8220;%%266%%&#8220; button_icon_color=&#8220;#ffffff&#8220; button_icon_placement=&#8220;left&#8220; background_layout=&#8220;dark&#8220; custom_margin=&#8220;||&#8220; custom_padding=&#8220;12px|87px|12px|87px|true|true&#8220; locked=&#8220;off&#8220;]<br \/>\n[\/et_pb_button][et_pb_button button_url=&#8220;\/wp-content\/uploads\/2019\/09\/190513_Comunicado_atentado_lideres_afro_y_wayuu.ES1_.pdf&#8220; url_new_window=&#8220;on&#8220; button_text=&#8220;Medienmitteilung (Spanisch)&#8220; button_alignment=&#8220;center&#8220; _builder_version=&#8220;3.27.4&#8243; custom_button=&#8220;on&#8220; button_text_size=&#8220;16px&#8220; button_bg_color=&#8220;#55677f&#8220; button_border_width=&#8220;2px&#8220; button_border_color=&#8220;rgba(0,0,0,0)&#8220; button_border_radius=&#8220;0px&#8220; button_letter_spacing=&#8220;4px&#8220; button_font=&#8220;Source Sans Pro|700||on|||||&#8220; button_icon=&#8220;%%266%%&#8220; button_icon_color=&#8220;#ffffff&#8220; button_icon_placement=&#8220;left&#8220; background_layout=&#8220;dark&#8220; custom_margin=&#8220;||&#8220; custom_padding=&#8220;12px|87px|12px|87px|true|true&#8220; locked=&#8220;off&#8220;]<br \/>\n[\/et_pb_button][et_pb_image src=&#8220;https:\/\/kolko.net\/askonline\/wp-content\/uploads\/2019\/07\/b1413eece01.jpg&#8220; align=&#8220;center&#8220; _builder_version=&#8220;3.27.4&#8243;][\/et_pb_image][et_pb_sidebar area=&#8220;et_pb_widget_area_1&#8243; _builder_version=&#8220;3.27.4&#8243;][\/et_pb_sidebar][et_pb_sidebar _builder_version=&#8220;3.27.4&#8243;][\/et_pb_sidebar][\/et_pb_column][\/et_pb_row][\/et_pb_section]<\/p>\n","protected":false},"excerpt":{"rendered":"<p>Die Arbeitsgruppe Schweiz-Kolumbien (ask!) sowie weitere NGO und soziale Bewegungen verurteilen die Gewalt gegen afrokolumbianische MenschenrechtsverteidigerInnen und soziale F\u00fchrungspersonen im Cauca sowie die Drohungen gegen soziale F\u00fchrungspersonen der indigenen Way\u00fau in der Guajira<\/p>\n","protected":false},"author":1,"featured_media":196,"comment_status":"closed","ping_status":"closed","sticky":true,"template":"","format":"standard","meta":{"_et_pb_use_builder":"on","_et_pb_old_content":"<!-- wp:paragraph -->\n<p>Die Arbeitsgruppe Schweiz-Kolumbien (ask!) sowie weitere NGO und soziale Bewegungen verurteilen die Gewalt gegen afrokolumbianische MenschenrechtsverteidigerInnen und soziale F\u00fchrungspersonen im Cauca sowie die Drohungen gegen soziale F\u00fchrungspersonen der indigenen Way\u00fau in der Guajira<\/p>\n<!-- \/wp:paragraph -->\n\n<!-- wp:paragraph -->\n<p>Medienmitteilung (englisch)<\/p>\n<!-- \/wp:paragraph -->\n\n<!-- wp:paragraph -->\n<p>Medienmitteilung (spanisch)<\/p>\n<!-- \/wp:paragraph -->","_et_gb_content_width":"","footnotes":""},"categories":[1],"tags":[],"class_list":["post-195","post","type-post","status-publish","format-standard","has-post-thumbnail","hentry","category-allgemein"],"_links":{"self":[{"href":"https:\/\/kolko.net\/askonline\/wp-json\/wp\/v2\/posts\/195","targetHints":{"allow":["GET"]}}],"collection":[{"href":"https:\/\/kolko.net\/askonline\/wp-json\/wp\/v2\/posts"}],"about":[{"href":"https:\/\/kolko.net\/askonline\/wp-json\/wp\/v2\/types\/post"}],"author":[{"embeddable":true,"href":"https:\/\/kolko.net\/askonline\/wp-json\/wp\/v2\/users\/1"}],"replies":[{"embeddable":true,"href":"https:\/\/kolko.net\/askonline\/wp-json\/wp\/v2\/comments?post=195"}],"version-history":[{"count":17,"href":"https:\/\/kolko.net\/askonline\/wp-json\/wp\/v2\/posts\/195\/revisions"}],"predecessor-version":[{"id":4818,"href":"https:\/\/kolko.net\/askonline\/wp-json\/wp\/v2\/posts\/195\/revisions\/4818"}],"wp:featuredmedia":[{"embeddable":true,"href":"https:\/\/kolko.net\/askonline\/wp-json\/wp\/v2\/media\/196"}],"wp:attachment":[{"href":"https:\/\/kolko.net\/askonline\/wp-json\/wp\/v2\/media?parent=195"}],"wp:term":[{"taxonomy":"category","embeddable":true,"href":"https:\/\/kolko.net\/askonline\/wp-json\/wp\/v2\/categories?post=195"},{"taxonomy":"post_tag","embeddable":true,"href":"https:\/\/kolko.net\/askonline\/wp-json\/wp\/v2\/tags?post=195"}],"curies":[{"name":"wp","href":"https:\/\/api.w.org\/{rel}","templated":true}]}}