{"id":192,"date":"2019-06-30T10:59:47","date_gmt":"2019-06-30T08:59:47","guid":{"rendered":"http:\/\/ask.almargen.de\/?p=192"},"modified":"2019-09-19T16:15:51","modified_gmt":"2019-09-19T14:15:51","slug":"humanitaere-und-menschenrechtliche-krise-in-kolumbien-gefaehrdet-den-friedensprozess","status":"publish","type":"post","link":"https:\/\/kolko.net\/askonline\/allgemein\/humanitaere-und-menschenrechtliche-krise-in-kolumbien-gefaehrdet-den-friedensprozess","title":{"rendered":"Humanit\u00e4re und menschenrechtliche Krise in Kolumbien gef\u00e4hrdet den Friedensprozess"},"content":{"rendered":"<p>[et_pb_section fb_built=&#8220;1&#8243; _builder_version=&#8220;3.27.4&#8243; fb_built=&#8220;1&#8243; _i=&#8220;0&#8243; _address=&#8220;0&#8243;][et_pb_row column_structure=&#8220;3_5,2_5&#8243; _builder_version=&#8220;3.27.4&#8243; custom_margin=&#8220;-22px|auto||auto||&#8220; _i=&#8220;0&#8243; _address=&#8220;0.0&#8243;][et_pb_column type=&#8220;3_5&#8243; _builder_version=&#8220;3.27.4&#8243; _i=&#8220;0&#8243; _address=&#8220;0.0.0&#8243;][et_pb_post_title author=&#8220;off&#8220; categories=&#8220;off&#8220; comments=&#8220;off&#8220; featured_image=&#8220;off&#8220; _builder_version=&#8220;3.27.4&#8243; title_font=&#8220;|800|||||||&#8220; title_text_color=&#8220;#f39900&#8243; border_width_bottom=&#8220;2px&#8220; border_color_bottom=&#8220;#f39900&#8243; custom_padding=&#8220;||10px||false|false&#8220; _i=&#8220;0&#8243; _address=&#8220;0.0.0.0&#8243;][\/et_pb_post_title][et_pb_text _builder_version=&#8220;3.27.4&#8243; _i=&#8220;1&#8243; _address=&#8220;0.0.0.1&#8243;]<\/p>\n<p>Organisationen der internationalen Zivilgesellschaft, darunter auch die Arbeitsgruppe Schweiz-Kolumbien ask!, sind zutiefst besorgt \u00fcber die humanit\u00e4re und menschenrechtliche Krise in Kolumbien.<\/p>\n<p>Die kolumbianische Regierung gef\u00e4hrdet mit ihrer Unt\u00e4tigkeit den Friedensprozess. Wi fordern die Regierung von Pr\u00e4sident Duque zum Handeln auf.<\/p>\n<p>[\/et_pb_text][\/et_pb_column][et_pb_column type=&#8220;2_5&#8243; _builder_version=&#8220;3.27.4&#8243; _i=&#8220;1&#8243; _address=&#8220;0.0.1&#8243;][et_pb_button button_url=&#8220;\/wp-content\/uploads\/2019\/09\/2019.05.30_Comunicado_Proceso_de_paz_en_riesgo1.pdf&#8220; url_new_window=&#8220;on&#8220; button_text=&#8220;Zur Medienmitteilung (spanisch)&#8220; button_alignment=&#8220;center&#8220; _builder_version=&#8220;3.27.4&#8243; custom_button=&#8220;on&#8220; button_text_size=&#8220;16px&#8220; button_bg_color=&#8220;#55677f&#8220; button_border_width=&#8220;2px&#8220; button_border_color=&#8220;rgba(0,0,0,0)&#8220; button_border_radius=&#8220;0px&#8220; button_letter_spacing=&#8220;4px&#8220; button_font=&#8220;Source Sans Pro|700||on|||||&#8220; button_icon=&#8220;%%266%%&#8220; button_icon_color=&#8220;#ffffff&#8220; button_icon_placement=&#8220;left&#8220; background_layout=&#8220;dark&#8220; custom_margin=&#8220;||&#8220; custom_padding=&#8220;12px|87px|12px|87px|true|true&#8220; locked=&#8220;off&#8220; _i=&#8220;0&#8243; _address=&#8220;0.0.1.0&#8243;]<br \/>\n[\/et_pb_button][et_pb_image src=&#8220;https:\/\/kolko.net\/askonline\/wp-content\/uploads\/2019\/07\/fd9e8ff79d1.jpg&#8220; align=&#8220;center&#8220; _builder_version=&#8220;3.27.4&#8243; _i=&#8220;1&#8243; _address=&#8220;0.0.1.1&#8243;][\/et_pb_image][et_pb_sidebar area=&#8220;et_pb_widget_area_1&#8243; _builder_version=&#8220;3.27.4&#8243; _i=&#8220;2&#8243; _address=&#8220;0.0.1.2&#8243;][\/et_pb_sidebar][\/et_pb_column][\/et_pb_row][\/et_pb_section][et_pb_section fb_built=&#8220;1&#8243; admin_label=&#8220;Footer&#8220; _builder_version=&#8220;3.27.4&#8243; background_color=&#8220;#151f33&#8243; custom_margin=&#8220;||-79px|||&#8220; custom_padding=&#8220;0px||0px|&#8220; custom_padding_tablet=&#8220;0px||0px|&#8220; transparent_background=&#8220;off&#8220; padding_mobile=&#8220;on&#8220; make_fullwidth=&#8220;off&#8220; use_custom_width=&#8220;off&#8220; width_unit=&#8220;on&#8220; fb_built=&#8220;1&#8243; _i=&#8220;0&#8243; _address=&#8220;0&#8243; global_module=&#8220;3916&#8243;][et_pb_row column_structure=&#8220;1_2,1_4,1_4&#8243; use_custom_gutter=&#8220;on&#8220; gutter_width=&#8220;2&#8243; padding_mobile=&#8220;on&#8220; column_padding_mobile=&#8220;on&#8220; admin_label=&#8220;Row&#8220; _builder_version=&#8220;3.25&#8243; background_size=&#8220;initial&#8220; background_position=&#8220;top_left&#8220; background_repeat=&#8220;repeat&#8220; custom_padding=&#8220;63px||50px|||&#8220; make_fullwidth=&#8220;off&#8220; use_custom_width=&#8220;off&#8220; width_unit=&#8220;on&#8220; _i=&#8220;0&#8243; _address=&#8220;0.0&#8243;][et_pb_column type=&#8220;1_2&#8243; _builder_version=&#8220;3.25&#8243; custom_padding=&#8220;|||&#8220; _i=&#8220;0&#8243; _address=&#8220;0.0.0&#8243; custom_padding__hover=&#8220;|||&#8220;][et_pb_text admin_label=&#8220;Text&#8220; _builder_version=&#8220;3.27.4&#8243; text_font=&#8220;Noto Serif||||||||&#8220; text_text_color=&#8220;#f39900&#8243; text_font_size=&#8220;20px&#8220; text_line_height=&#8220;1.4em&#8220; background_size=&#8220;initial&#8220; background_position=&#8220;top_left&#8220; background_repeat=&#8220;repeat&#8220; background_layout=&#8220;dark&#8220; custom_margin=&#8220;||8px|&#8220; custom_css_main_element=&#8220;font-weight: 900;&#8220; use_border_color=&#8220;off&#8220; border_color=&#8220;#ffffff&#8220; border_style=&#8220;solid&#8220; _i=&#8220;0&#8243; _address=&#8220;0.0.0.0&#8243;]<\/p>\n<p>ASK Arbeitsgruppe Schweiz Kolumbien<\/p>\n<p>[\/et_pb_text][et_pb_text admin_label=&#8220;Text&#8220; _builder_version=&#8220;3.27.4&#8243; text_font=&#8220;Noto Serif||||||||&#8220; text_text_color=&#8220;#f39900&#8243; text_font_size=&#8220;16&#8243; text_line_height=&#8220;1.5em&#8220; background_size=&#8220;initial&#8220; background_position=&#8220;top_left&#8220; background_repeat=&#8220;repeat&#8220; max_width=&#8220;300px&#8220; custom_margin=&#8220;30px||30px||false|false&#8220; custom_margin_tablet=&#8220;||10px|&#8220; custom_margin_last_edited=&#8220;on|tablet&#8220; custom_padding=&#8220;0px|||&#8220; use_border_color=&#8220;off&#8220; border_color=&#8220;#ffffff&#8220; border_style=&#8220;solid&#8220; _i=&#8220;1&#8243; _address=&#8220;0.0.0.1&#8243;]<\/p>\n<p>Schwanengasse 9 &#8211; CH 3011 Bern &#8211; Switzerland<br \/> Tel 031 311 40 20<br \/> PC-Konto 60-186321-2<br \/> IBAN CH33 0900 0000 6018 6321 2<br \/> BIC POFICHBEXXX<br \/> E-Mail:\u00a0<span style=\"color: #f39900;\"><a href=\"mailto:kommunikation@askonline.ch\" target=\"_blank\" rel=\"noopener noreferrer\" style=\"color: #f39900;\">kommunikation@askonline.ch<\/a><\/span><\/p>\n<p>[\/et_pb_text][\/et_pb_column][et_pb_column type=&#8220;1_4&#8243; _builder_version=&#8220;3.25&#8243; custom_padding=&#8220;|||&#8220; _i=&#8220;1&#8243; _address=&#8220;0.0.1&#8243; custom_padding__hover=&#8220;|||&#8220;][et_pb_divider _builder_version=&#8220;3.27.4&#8243; width=&#8220;37%&#8220; module_alignment=&#8220;left&#8220; custom_margin=&#8220;15px||-10px||false|false&#8220; _i=&#8220;0&#8243; _address=&#8220;0.0.1.0&#8243;][\/et_pb_divider][et_pb_text admin_label=&#8220;Text&#8220; _builder_version=&#8220;3.27.4&#8243; text_font=&#8220;Noto Serif||||||||&#8220; text_text_color=&#8220;#f39900&#8243; text_font_size=&#8220;16px&#8220; text_line_height=&#8220;2.2em&#8220; background_size=&#8220;initial&#8220; background_position=&#8220;top_left&#8220; background_repeat=&#8220;repeat&#8220; background_layout=&#8220;dark&#8220; custom_padding=&#8220;0px|||&#8220; use_border_color=&#8220;off&#8220; border_color=&#8220;#ffffff&#8220; border_style=&#8220;solid&#8220; _i=&#8220;1&#8243; _address=&#8220;0.0.1.1&#8243;]<\/p>\n<p><span style=\"color: #f39900f;\"><a href=\"\/impressum\/\" style=\"color: #f39900;\">Impressum<br \/><\/a><\/span><span style=\"color: #f39900f;\"><a href=\"\/kontakt\/\" style=\"color: #f39900;\">Kontakt<br \/><\/a><\/span><span style=\"color: #f39900f;\"><a href=\"\/datenschutzerklaerung\/\" style=\"color: #f39900;\">Datenschutzerkl\u00e4rung<br \/><\/a><\/span><span style=\"color: #f39900f;\"><a href=\"\/newsletter\/\" style=\"color: #f39900;\">Newsletter<br \/><\/a><\/span><span style=\"color: #f39900f;\"><a href=\"\/sitemap\/\" style=\"color: #f39900;\">Sitemap<br \/> <\/a><\/span><\/p>\n<p>[\/et_pb_text][\/et_pb_column][et_pb_column type=&#8220;1_4&#8243; _builder_version=&#8220;3.25&#8243; custom_padding=&#8220;|||&#8220; _i=&#8220;2&#8243; _address=&#8220;0.0.2&#8243; custom_padding__hover=&#8220;|||&#8220;][et_pb_divider _builder_version=&#8220;3.27.4&#8243; width=&#8220;37%&#8220; module_alignment=&#8220;left&#8220; custom_margin=&#8220;15px||-10px||false|false&#8220; _i=&#8220;0&#8243; _address=&#8220;0.0.2.0&#8243;][\/et_pb_divider][et_pb_text admin_label=&#8220;Text&#8220; _builder_version=&#8220;3.27.4&#8243; text_font=&#8220;Noto Serif||||||||&#8220; text_text_color=&#8220;#f39900&#8243; text_font_size=&#8220;16px&#8220; text_line_height=&#8220;2.2em&#8220; background_size=&#8220;initial&#8220; background_position=&#8220;top_left&#8220; background_repeat=&#8220;repeat&#8220; background_layout=&#8220;dark&#8220; custom_padding=&#8220;0px|||&#8220; use_border_color=&#8220;off&#8220; border_color=&#8220;#ffffff&#8220; border_style=&#8220;solid&#8220; _i=&#8220;1&#8243; _address=&#8220;0.0.2.1&#8243;]<\/p>\n<p><span style=\"color: #f39900f;\"><a href=\"\/ueber-uns\/\" style=\"color: #f39900;\">\u00dcber uns<br \/><\/a><\/span><span style=\"color: #f39900f;\"><a href=\"\/ueber-kolumbien\/\" style=\"color: #f39900;\">\u00dcber Kolumbien<br \/><\/a><\/span><span style=\"color: #f39900f;\"><a href=\"\/publikationen\/\" style=\"color: #f39900;\">Publikationen<br \/><\/a><\/span><span style=\"color: #f39900f;\"><a href=\"\/links\/\" style=\"color: #f39900;\">Links<br \/> <\/a><\/span><\/p>\n<p>[\/et_pb_text][\/et_pb_column][\/et_pb_row][\/et_pb_section]<\/p>\n","protected":false},"excerpt":{"rendered":"<p>Organisationen der internationalen Zivilgesellschaft, darunter auch die Arbeitsgruppe Schweiz-Kolumbien ask!, sind zutiefst besorgt \u00fcber die humanit\u00e4re und menschenrechtliche Krise in Kolumbien. Die kolumbianische Regierung gef\u00e4hrdet mit ihrer Unt\u00e4tigkeit den Friedensprozess. Wi fordern die Regierung von Pr\u00e4sident Duque zum Handeln auf. ASK Arbeitsgruppe Schweiz KolumbienSchwanengasse 9 &#8211; CH 3011 Bern &#8211; Switzerland Tel 031 311 40 [&hellip;]<\/p>\n","protected":false},"author":1,"featured_media":193,"comment_status":"closed","ping_status":"closed","sticky":true,"template":"","format":"standard","meta":{"_et_pb_use_builder":"on","_et_pb_old_content":"<!-- wp:paragraph -->\n<p>Organisationen der internationalen Zivilgesellschaft, darunter auch die Arbeitsgruppe Schweiz-Kolumbien ask!,&nbsp;sind zutiefst besorgt \u00fcber die humanit\u00e4re und menschenrechtliche Krise in Kolumbien.<\/p>\n<!-- \/wp:paragraph -->\n\n<!-- wp:paragraph -->\n<p>Die kolumbianische Regierung gef\u00e4hrdet mit ihrer Unt\u00e4tigkeit den Friedensprozess. Wi fordern die Regierung von Pr\u00e4sident Duque zum Handeln auf.&nbsp;<\/p>\n<!-- \/wp:paragraph -->\n\n<!-- wp:paragraph -->\n<p>Zur&nbsp;<a href=\"https:\/\/kolko.net\/askonline\/fileadmin\/user_upload\/documents\/Politik\/2019.05.30_Comunicado_Proceso_de_paz_en_riesgo.pdf\">Medienmitteilung<\/a>&nbsp;(spanisch)<\/p>\n<!-- \/wp:paragraph -->","_et_gb_content_width":"","footnotes":""},"categories":[1],"tags":[],"class_list":["post-192","post","type-post","status-publish","format-standard","has-post-thumbnail","hentry","category-allgemein"],"_links":{"self":[{"href":"https:\/\/kolko.net\/askonline\/wp-json\/wp\/v2\/posts\/192","targetHints":{"allow":["GET"]}}],"collection":[{"href":"https:\/\/kolko.net\/askonline\/wp-json\/wp\/v2\/posts"}],"about":[{"href":"https:\/\/kolko.net\/askonline\/wp-json\/wp\/v2\/types\/post"}],"author":[{"embeddable":true,"href":"https:\/\/kolko.net\/askonline\/wp-json\/wp\/v2\/users\/1"}],"replies":[{"embeddable":true,"href":"https:\/\/kolko.net\/askonline\/wp-json\/wp\/v2\/comments?post=192"}],"version-history":[{"count":6,"href":"https:\/\/kolko.net\/askonline\/wp-json\/wp\/v2\/posts\/192\/revisions"}],"predecessor-version":[{"id":4072,"href":"https:\/\/kolko.net\/askonline\/wp-json\/wp\/v2\/posts\/192\/revisions\/4072"}],"wp:featuredmedia":[{"embeddable":true,"href":"https:\/\/kolko.net\/askonline\/wp-json\/wp\/v2\/media\/193"}],"wp:attachment":[{"href":"https:\/\/kolko.net\/askonline\/wp-json\/wp\/v2\/media?parent=192"}],"wp:term":[{"taxonomy":"category","embeddable":true,"href":"https:\/\/kolko.net\/askonline\/wp-json\/wp\/v2\/categories?post=192"},{"taxonomy":"post_tag","embeddable":true,"href":"https:\/\/kolko.net\/askonline\/wp-json\/wp\/v2\/tags?post=192"}],"curies":[{"name":"wp","href":"https:\/\/api.w.org\/{rel}","templated":true}]}}