{"id":188,"date":"2019-07-16T10:42:55","date_gmt":"2019-07-16T08:42:55","guid":{"rendered":"http:\/\/ask.almargen.de\/?p=188"},"modified":"2019-10-21T21:21:39","modified_gmt":"2019-10-21T19:21:39","slug":"praesident-duque-zu-besuch-bei-ueli-maurer","status":"publish","type":"post","link":"https:\/\/kolko.net\/askonline\/allgemein\/praesident-duque-zu-besuch-bei-ueli-maurer","title":{"rendered":"Pr\u00e4sident Duque zu Besuch bei Ueli Maurer"},"content":{"rendered":"<p>[et_pb_section fb_built=&#8220;1&#8243; _builder_version=&#8220;3.27.4&#8243;][et_pb_row column_structure=&#8220;3_5,2_5&#8243; _builder_version=&#8220;3.27.4&#8243; custom_margin=&#8220;-22px|auto||auto||&#8220;][et_pb_column type=&#8220;3_5&#8243; _builder_version=&#8220;3.27.4&#8243;][et_pb_post_title author=&#8220;off&#8220; categories=&#8220;off&#8220; comments=&#8220;off&#8220; featured_image=&#8220;off&#8220; _builder_version=&#8220;3.27.4&#8243; title_font=&#8220;|800|||||||&#8220; title_text_color=&#8220;#f39900&#8243; custom_padding=&#8220;||10px||false|false&#8220; border_width_bottom=&#8220;2px&#8220; border_color_bottom=&#8220;#f39900&#8243;][\/et_pb_post_title][et_pb_text _builder_version=&#8220;3.27.4&#8243;]<\/p>\n<p><span style=\"font-size: 14px;\">Am Montag und Dienstag weilte Pr\u00e4sident Duque in London, wo er nebst dem offiziellen Besuchsprogramm sich auch den Protesten von ExilkolumbianerInnen und Menschenrechtsorganisationen stellen musste. Dahinter steht die Bewegung #DefendTheDefenders, die die schwere Menschenrechtskrise Kolumbiens sichtbar machen will. Ebenso kommt es aufgrund einer Motion zu einer Debatte im englischen Parlament \u00fcber die Implementierung des Friedensabkommens. Am Mittwoch 19. Juni weilt Pr\u00e4sident Duque in Genf, wo er unter anderem die Internationale Arbeitsorganisation besucht. Am Nachmittag des 20.Juni wird Iv\u00e1n Duque von Bundespr\u00e4sident Ueli Maurer und EDA-Staatssekret\u00e4rin Pascale Baeriswyl empfangen. Besprochen werden sollen vor allem bilaterale Themen unter anderen aus den Bereichen Wirtschaft und Finanzen. Eine Medienmitteilung wird es erst nach dem Besuch geben. Inwieweit die Schweizer Regierungsvertreter dabei auch Themen wie Menschenrechte oder die Umsetzung des Friedensabkommens ansprechen, ist nicht bekannt. Trotzdem gelangte die Kolumbienplattform Schweiz mit einem Offenen Brief an Bundesrat Ueli Maurer. sowie die Menschenrechte hinweg. Es wird nun die Aufgabe der Zivilgesellschaft sein, diesen Kurs der Regierung zu kritisieren, damit der PAO im Sinne von ganzheitlichen Sicherheits- und Schutzgarantien f\u00fcr soziale F\u00fchrungspersonen und MRV umgebaut wird.<\/span><\/p>\n<p>[\/et_pb_text][\/et_pb_column][et_pb_column type=&#8220;2_5&#8243; _builder_version=&#8220;3.27.4&#8243;][et_pb_button button_url=&#8220;https:\/\/kolko.net\/askonline\/fileadmin\/user_upload\/documents\/Thema_Friedensfoerderung\/Schreiben_an_BR_Maurer_Besuch_Praesident_Duque_19-06-2019.pdf&#8220; url_new_window=&#8220;on&#8220; button_text=&#8220;OFFENER BRIEF&#8220; button_alignment=&#8220;center&#8220; _builder_version=&#8220;3.27.4&#8243; custom_button=&#8220;on&#8220; button_text_size=&#8220;16px&#8220; button_bg_color=&#8220;#55677f&#8220; button_border_width=&#8220;2px&#8220; button_border_color=&#8220;rgba(0,0,0,0)&#8220; button_border_radius=&#8220;0px&#8220; button_letter_spacing=&#8220;4px&#8220; button_font=&#8220;Source Sans Pro|700||on|||||&#8220; button_icon=&#8220;%%266%%&#8220; button_icon_color=&#8220;#ffffff&#8220; button_icon_placement=&#8220;left&#8220; background_layout=&#8220;dark&#8220; custom_margin=&#8220;||&#8220; custom_padding=&#8220;12px|87px|12px|87px|true|true&#8220; locked=&#8220;off&#8220;]<br \/>\n[\/et_pb_button][et_pb_image src=&#8220;https:\/\/kolko.net\/askonline\/wp-content\/uploads\/2019\/07\/8ceef080301.jpg&#8220; align=&#8220;center&#8220; _builder_version=&#8220;3.27.4&#8243;][\/et_pb_image][et_pb_sidebar _builder_version=&#8220;3.27.4&#8243;][\/et_pb_sidebar][\/et_pb_column][\/et_pb_row][\/et_pb_section]<\/p>\n","protected":false},"excerpt":{"rendered":"<p>Am Montag und Dienstag weilte Pr\u00e4sident Duque in London, wo er nebst dem offiziellen Besuchsprogramm sich auch den Protesten von ExilkolumbianerInnen und Menschenrechtsorganisationen stellen musste. Dahinter steht die Bewegung #DefendTheDefenders, die die schwere Menschenrechtskrise Kolumbiens sichtbar machen will. Ebenso kommt es aufgrund einer Motion zu einer Debatte im englischen Parlament \u00fcber die Implementierung des Friedensabkommens. [&hellip;]<\/p>\n","protected":false},"author":1,"featured_media":190,"comment_status":"closed","ping_status":"closed","sticky":true,"template":"","format":"standard","meta":{"_et_pb_use_builder":"on","_et_pb_old_content":"<!-- wp:paragraph -->\n<p>Am Montag und Dienstag weilte Pr\u00e4sident Duque in London, wo er nebst dem offiziellen Besuchsprogramm sich auch den Protesten von ExilkolumbianerInnen und Menschenrechtsorganisationen stellen musste. Dahinter steht die Bewegung #DefendTheDefenders, die die schwere Menschenrechtskrise Kolumbiens sichtbar machen will. Ebenso kommt es aufgrund einer Motion zu einer Debatte im englischen Parlament \u00fcber die Implementierung des Friedensabkommens. Am Mittwoch 19. Juni weilt Pr\u00e4sident Duque in Genf, wo er unter anderem die Internationale Arbeitsorganisation besucht. Am Nachmittag des 20.Juni wird Iv\u00e1n Duque von Bundespr\u00e4sident Ueli Maurer und EDA-Staatssekret\u00e4rin Pascale Baeriswyl empfangen. Besprochen werden sollen vor allem bilaterale Themen unter anderen aus den Bereichen Wirtschaft und Finanzen. Eine Medienmitteilung wird es erst nach dem Besuch geben. Inwieweit die Schweizer Regierungsvertreter dabei auch Themen wie Menschenrechte oder die Umsetzung des Friedensabkommens ansprechen, ist nicht bekannt. Trotzdem gelangte die Kolumbienplattform Schweiz mit einem Offenen Brief an Bundesrat Ueli Maurer.  <\/p>\n<!-- \/wp:paragraph -->","_et_gb_content_width":"","footnotes":""},"categories":[1],"tags":[],"class_list":["post-188","post","type-post","status-publish","format-standard","has-post-thumbnail","hentry","category-allgemein"],"_links":{"self":[{"href":"https:\/\/kolko.net\/askonline\/wp-json\/wp\/v2\/posts\/188","targetHints":{"allow":["GET"]}}],"collection":[{"href":"https:\/\/kolko.net\/askonline\/wp-json\/wp\/v2\/posts"}],"about":[{"href":"https:\/\/kolko.net\/askonline\/wp-json\/wp\/v2\/types\/post"}],"author":[{"embeddable":true,"href":"https:\/\/kolko.net\/askonline\/wp-json\/wp\/v2\/users\/1"}],"replies":[{"embeddable":true,"href":"https:\/\/kolko.net\/askonline\/wp-json\/wp\/v2\/comments?post=188"}],"version-history":[{"count":6,"href":"https:\/\/kolko.net\/askonline\/wp-json\/wp\/v2\/posts\/188\/revisions"}],"predecessor-version":[{"id":4820,"href":"https:\/\/kolko.net\/askonline\/wp-json\/wp\/v2\/posts\/188\/revisions\/4820"}],"wp:featuredmedia":[{"embeddable":true,"href":"https:\/\/kolko.net\/askonline\/wp-json\/wp\/v2\/media\/190"}],"wp:attachment":[{"href":"https:\/\/kolko.net\/askonline\/wp-json\/wp\/v2\/media?parent=188"}],"wp:term":[{"taxonomy":"category","embeddable":true,"href":"https:\/\/kolko.net\/askonline\/wp-json\/wp\/v2\/categories?post=188"},{"taxonomy":"post_tag","embeddable":true,"href":"https:\/\/kolko.net\/askonline\/wp-json\/wp\/v2\/tags?post=188"}],"curies":[{"name":"wp","href":"https:\/\/api.w.org\/{rel}","templated":true}]}}